{"id":8858,"date":"2017-08-07T15:14:20","date_gmt":"2017-08-07T18:14:20","guid":{"rendered":"http:\/\/www.atecordoba.org\/?p=8858"},"modified":"2017-08-07T15:14:20","modified_gmt":"2017-08-07T18:14:20","slug":"ley-9249-derecho-a-indemnizacion-por-despido","status":"publish","type":"post","link":"https:\/\/atecordoba.org\/?p=8858","title":{"rendered":"LEY 9249: derecho a indemnizaci\u00f3n por despido"},"content":{"rendered":"<p><strong>Art\u00edculo 1\u00ba<\/strong>.- SUSTIT\u00daYESE el art\u00edculo 40 de la Ley No 7233, por el siguiente:<\/p>\n<p>\u201cArt\u00edculo 40.- EL personal tiene derecho a indemnizaci\u00f3n por las siguientes causales:<\/p>\n<ol>\n<li>a) Cuando sea dado de baja por incapacidad absoluta y definitiva para realizar tareas, proveniente de enfermedad o accidente de trabajo, y<\/li>\n<li>b) Por considerarse en situaci\u00f3n de baja, cuando no le fuera respetado el derecho a la estabilidad en los t\u00e9rminos del art\u00edculo 47 de la presente Ley.<\/li>\n<\/ol>\n<p>En los casos previstos en los incisos a) y b) de este art\u00edculo, la indemnizaci\u00f3n ser\u00e1 el equivalente a un (1) mes de la \u00faltima retribuci\u00f3n percibida, por cada a\u00f1o de servicio o fracci\u00f3n superior a tres (3) meses en la Administraci\u00f3n P\u00fablica Provincial.<\/p>\n<p>El personal contratado y transitorio, en los t\u00e9rminos del art\u00edculo 4\u00ba incisos c) y d) de la presente Ley, que haya prestado servicios en dicho car\u00e1cter durante m\u00e1s de un (1) a\u00f1o continuo o discontinuo, tendr\u00e1 derecho a una indemnizaci\u00f3n cuando la Administraci\u00f3n d\u00e9 por finalizada su relaci\u00f3n laboral, la que ser\u00e1 equivalente a medio mes de la mejor remuneraci\u00f3n percibida durante el \u00faltimo a\u00f1o, por cada a\u00f1o de servicio o fracci\u00f3n superior a tres (3) meses en virtud del contrato en cuesti\u00f3n.\u201d<\/p>\n<p><strong>Art\u00edculo 2\u00ba<\/strong>.- SUSTIT\u00daYESE el art\u00edculo 87 de la Ley No 7625, por el siguiente:<\/p>\n<p>\u201cArt\u00edculo 87.- EL agente tiene derecho a ser indemnizado en los siguientes casos:<\/p>\n<ol>\n<li>a) Por baja por incapacidad invalidante para realizar cualquier tipo de tareas, proveniente de accidentes de trabajo o enfermedad profesional;<\/li>\n<li>b) Por la no reubicaci\u00f3n del agente, conforme a lo dispuesto en el art\u00edculo 61 de la presente Ley, y<\/li>\n<li>c) Por cese de la relaci\u00f3n contractual dispuesta por la Administraci\u00f3n, cuando el agente se haya desempe\u00f1ado en dicho car\u00e1cter durante m\u00e1s de un (1) a\u00f1o continuo o discontinuo.<\/li>\n<\/ol>\n<p>En los casos previstos en los incisos a) y b) del presente art\u00edculo, la indemnizaci\u00f3n ser\u00e1 equivalente a un (1) mes de la \u00faltima retribuci\u00f3n percibida por cada a\u00f1o de servicio o fracci\u00f3n superior a tres (3) meses, computables en la Administraci\u00f3n P\u00fablica Provincial.<\/p>\n<p>En el caso previsto en el inciso c) de este art\u00edculo, la indemnizaci\u00f3n ser\u00e1 equivalente a medio mes de la mejor remuneraci\u00f3n mensual que percibiera durante el \u00faltimo a\u00f1o, por cada a\u00f1o de servicio o fracci\u00f3n superior a los tres (3) meses desempe\u00f1ados en virtud del contrato en cuesti\u00f3n.\u201d<\/p>\n<p>Art\u00edculo 3\u00ba.- COMUN\u00cdQUESE al Poder Ejecutivo Provincial.<\/p>\n<p>SCHIARETTI &#8211; ARIAS<\/p>\n<p>TITULAR DEL PODER EJECUTIVO: DE LA SOTA.<\/p>\n<p>DECRETO DE PROMULGACI\u00d3N N\u00ba 940\/05.<\/p>\n<p>&nbsp;<\/p>\n<p>&nbsp;<\/p>\n<p>&nbsp;<\/p>\n<p>&nbsp;<\/p>\n<p>&nbsp;<\/p>\n","protected":false},"excerpt":{"rendered":"<p>Art\u00edculo 1\u00ba.- SUSTIT\u00daYESE el art\u00edculo 40 de la Ley No 7233, por el siguiente: \u201cArt\u00edculo 40.- EL personal tiene derecho a indemnizaci\u00f3n por las siguientes causales: a) Cuando sea dado de baja por incapacidad absoluta y definitiva para realizar tareas, proveniente de enfermedad o accidente de trabajo, y b) Por considerarse en situaci\u00f3n de baja, [&hellip;]<\/p>\n","protected":false},"author":1,"featured_media":19220,"comment_status":"open","ping_status":"open","sticky":false,"template":"","format":"standard","meta":{"_exactmetrics_skip_tracking":false,"_exactmetrics_sitenote_active":false,"_exactmetrics_sitenote_note":"","_exactmetrics_sitenote_category":0,"jnews-multi-image_gallery":[],"jnews_single_post":[],"jnews_primary_category":[],"jnews_social_meta":[],"jnews_review":[],"enable_review":"","type":"","name":"","summary":"","brand":"","sku":"","good":[],"bad":[],"score_override":"","override_value":"","rating":[],"price":[],"jnews_override_counter":[],"jnews_post_split":[],"footnotes":""},"categories":[85],"tags":[],"class_list":["post-8858","post","type-post","status-publish","format-standard","has-post-thumbnail","hentry","category-documentacion-provincial"],"jetpack_featured_media_url":"https:\/\/atecordoba.org\/wp-content\/uploads\/2020\/05\/logo-nuevochico-e1561581322808.png","_links":{"self":[{"href":"https:\/\/atecordoba.org\/index.php?rest_route=\/wp\/v2\/posts\/8858","targetHints":{"allow":["GET"]}}],"collection":[{"href":"https:\/\/atecordoba.org\/index.php?rest_route=\/wp\/v2\/posts"}],"about":[{"href":"https:\/\/atecordoba.org\/index.php?rest_route=\/wp\/v2\/types\/post"}],"author":[{"embeddable":true,"href":"https:\/\/atecordoba.org\/index.php?rest_route=\/wp\/v2\/users\/1"}],"replies":[{"embeddable":true,"href":"https:\/\/atecordoba.org\/index.php?rest_route=%2Fwp%2Fv2%2Fcomments&post=8858"}],"version-history":[{"count":0,"href":"https:\/\/atecordoba.org\/index.php?rest_route=\/wp\/v2\/posts\/8858\/revisions"}],"wp:featuredmedia":[{"embeddable":true,"href":"https:\/\/atecordoba.org\/index.php?rest_route=\/wp\/v2\/media\/19220"}],"wp:attachment":[{"href":"https:\/\/atecordoba.org\/index.php?rest_route=%2Fwp%2Fv2%2Fmedia&parent=8858"}],"wp:term":[{"taxonomy":"category","embeddable":true,"href":"https:\/\/atecordoba.org\/index.php?rest_route=%2Fwp%2Fv2%2Fcategories&post=8858"},{"taxonomy":"post_tag","embeddable":true,"href":"https:\/\/atecordoba.org\/index.php?rest_route=%2Fwp%2Fv2%2Ftags&post=8858"}],"curies":[{"name":"wp","href":"https:\/\/api.w.org\/{rel}","templated":true}]}}