{"id":8836,"date":"2017-08-03T13:35:30","date_gmt":"2017-08-03T16:35:30","guid":{"rendered":"http:\/\/www.atecordoba.org\/?p=8836"},"modified":"2017-08-03T13:35:30","modified_gmt":"2017-08-03T16:35:30","slug":"quedo-conformado-el-foro-cordoba-solidaria-por-la-seguridad-social-y-el-trabajo","status":"publish","type":"post","link":"https:\/\/atecordoba.org\/?p=8836","title":{"rendered":"Qued\u00f3 conformado el Foro C\u00f3rdoba Solidaria por la Seguridad Social y el Trabajo"},"content":{"rendered":"<p><em>En una reuni\u00f3n llevada a cabo ayer en la sede de Luz y Fuerza, una importante cantidad de organizaciones gremiales, sociales y vecinales lanzaron el nuevo espacio en defensa de la previsi\u00f3n social y el trabajo.<\/em><\/p>\n<p><img loading=\"lazy\" decoding=\"async\" class=\"aligncenter size-full wp-image-8839\" src=\"http:\/\/www.atecordoba.org\/wp-content\/uploads\/2017\/08\/20170802_171221-e1501777937742.jpg\" alt=\"\" width=\"550\" height=\"309\"><\/p>\n<p>ATE particip\u00f3 ayer de la conformaci\u00f3n en la sede lucifuercista del Foro C\u00f3rdoba por la Seguridad Social y el Trabajo. Los compa\u00f1eros que organizaron la convocatoria estimaron que el acto fue un \u00e9xito total porque la&nbsp; unidad entre jubilados nacionales y jubilados provinciales se consolid\u00f3 y surgi\u00f3 el compromiso de luchar todos juntos.<\/p>\n<p>La mesa que condujo el acto estuvo integrada por Oscar Cacho Mengarelli (jubilados de ATE), Miguel Berrotar\u00e1n (Comisi\u00f3n Permanente de Jubilados), Hugo Vallejos, Alberto Fonseca, y Clara Volcoff y Leonardo Ram\u00e9 (federaci\u00f3n de centros de jubilados independientes).<\/p>\n<p><img loading=\"lazy\" decoding=\"async\" class=\"aligncenter size-full wp-image-8840\" src=\"http:\/\/www.atecordoba.org\/wp-content\/uploads\/2017\/08\/20170802_171303-e1501777983613.jpg\" alt=\"\" width=\"550\" height=\"309\"><\/p>\n<p>El foro resolvi\u00f3 hacer un acampe el jueves 10 frente a la caja de jubilaciones frente a la Caja de Jubilaciones, en Rosario de Santa Fe y Alvear, para llevar a la calle las reivindicaciones de rechazo a la armonizaci\u00f3n y traspaso del organismo previsional provincial. Tambi\u00e9n se expres\u00f3 en favor de la urgente recomposici\u00f3n de los derechos vulnerados de los discapacitados que vieron recortadas sus pensiones recientemente.<\/p>\n<p>Adem\u00e1s, se renovo la convocatoria para el 6 de septiembre para una nueva reuni\u00f3n del foro.&nbsp;<\/p>\n<p><strong>Presencias<\/strong><\/p>\n<p>La bienvenida estuvo a cargo de&nbsp;Daniel Tapia, secretario de Previsi\u00f3n de Luz y Fuerza. El foro concit\u00f3 la presencia de organizaciones de distintos sectores gremiales y sociales (centros vecinales, cuidadores de autos, choferes de UTA despedidos, profesionales, etc.). Se destac\u00f3 la participaci\u00f3n personal del titular del gremio de Luz y Fuerza, compa\u00f1ero Gabriel Suarez.&nbsp;<\/p>\n<p>El aporte de ATE fue clave para el compromiso de lucha, se expresaron los compa\u00f1eros de Villa Mar\u00eda, como el compa\u00f1ero V\u00edctor Vedelago, conjuntamente con el miembro de la conducci\u00f3n nacional del centro de jubilados de ATE, Oscar Cacho Mengarelli.<\/p>\n<p><img loading=\"lazy\" decoding=\"async\" class=\"aligncenter size-full wp-image-8841\" src=\"http:\/\/www.atecordoba.org\/wp-content\/uploads\/2017\/08\/20170802_171154-e1501778032782.jpg\" alt=\"\" width=\"550\" height=\"309\"><\/p>\n<p>Estuvieron presentes los secretarios de Previsi\u00f3n&nbsp;Vicente Zamora (SUOEM), Carmello Parrello (Asociaci\u00f3n Bancaria Seccional C\u00f3rdoba) y el compa\u00f1ero Cata Lezama (Asociaci\u00f3n Bancaria C\u00f3rdoba), junto a Walter Secondino, Daniel Pawluchuzk &nbsp;y Hugo Duran del Consejo Directivo Provincial de ATE C\u00f3rdoba.<\/p>\n<p>Adem\u00e1s, estuvo presente el Sindicatos de M\u00fasicos de C\u00f3rdoba, con la presencia del compa\u00f1ero Brozzo y&nbsp;la agrupaci\u00f3n de retirados de la Polic\u00eda y Servicio Penitenciario, con los compa\u00f1eros Dar\u00edo Almada, Ra\u00fal Ricardo Romero, &nbsp;Gomez y dem\u00e1s miembros.&nbsp;<\/p>\n<p>A su vez, la UEPC anunci\u00f3 que no pudo asistir por la convocatoria de lucha que hizo a nivel nacional la CTERA.<\/p>\n<p><strong>Documento<\/strong><\/p>\n<p>La reuni\u00f3n tom\u00f3 como disparador un documento compuesto para la oportunidad que facilitamos para su estudio y difusi\u00f3n.&nbsp;<\/p>\n<p><img loading=\"lazy\" decoding=\"async\" class=\"aligncenter size-full wp-image-8837\" src=\"http:\/\/www.atecordoba.org\/wp-content\/uploads\/2017\/08\/doc-foro-jubilados-2-e1501777731843.jpg\" alt=\"\" width=\"550\" height=\"756\"><\/p>\n<p><img loading=\"lazy\" decoding=\"async\" class=\"aligncenter size-full wp-image-8838\" src=\"http:\/\/www.atecordoba.org\/wp-content\/uploads\/2017\/08\/doc-foro-jubilados-e1501777759341.jpg\" alt=\"\" width=\"550\" height=\"756\"><\/p>\n<p>&nbsp;<\/p>\n","protected":false},"excerpt":{"rendered":"<p>En una reuni\u00f3n llevada a cabo ayer en la sede de Luz y Fuerza, una importante cantidad de organizaciones gremiales, sociales y vecinales lanzaron el nuevo espacio en defensa de la previsi\u00f3n social y el trabajo. ATE particip\u00f3 ayer de la conformaci\u00f3n en la sede lucifuercista del Foro C\u00f3rdoba por la Seguridad Social y el [&hellip;]<\/p>\n","protected":false},"author":1,"featured_media":19220,"comment_status":"open","ping_status":"open","sticky":false,"template":"","format":"standard","meta":{"_exactmetrics_skip_tracking":false,"_exactmetrics_sitenote_active":false,"_exactmetrics_sitenote_note":"","_exactmetrics_sitenote_category":0,"jnews-multi-image_gallery":[],"jnews_single_post":[],"jnews_primary_category":[],"jnews_social_meta":[],"jnews_review":[],"enable_review":"","type":"","name":"","summary":"","brand":"","sku":"","good":[],"bad":[],"score_override":"","override_value":"","rating":[],"price":[],"jnews_override_counter":[],"jnews_post_split":[],"footnotes":""},"categories":[22],"tags":[],"class_list":["post-8836","post","type-post","status-publish","format-standard","has-post-thumbnail","hentry","category-jubilados"],"jetpack_featured_media_url":"https:\/\/atecordoba.org\/wp-content\/uploads\/2020\/05\/logo-nuevochico-e1561581322808.png","_links":{"self":[{"href":"https:\/\/atecordoba.org\/index.php?rest_route=\/wp\/v2\/posts\/8836","targetHints":{"allow":["GET"]}}],"collection":[{"href":"https:\/\/atecordoba.org\/index.php?rest_route=\/wp\/v2\/posts"}],"about":[{"href":"https:\/\/atecordoba.org\/index.php?rest_route=\/wp\/v2\/types\/post"}],"author":[{"embeddable":true,"href":"https:\/\/atecordoba.org\/index.php?rest_route=\/wp\/v2\/users\/1"}],"replies":[{"embeddable":true,"href":"https:\/\/atecordoba.org\/index.php?rest_route=%2Fwp%2Fv2%2Fcomments&post=8836"}],"version-history":[{"count":0,"href":"https:\/\/atecordoba.org\/index.php?rest_route=\/wp\/v2\/posts\/8836\/revisions"}],"wp:featuredmedia":[{"embeddable":true,"href":"https:\/\/atecordoba.org\/index.php?rest_route=\/wp\/v2\/media\/19220"}],"wp:attachment":[{"href":"https:\/\/atecordoba.org\/index.php?rest_route=%2Fwp%2Fv2%2Fmedia&parent=8836"}],"wp:term":[{"taxonomy":"category","embeddable":true,"href":"https:\/\/atecordoba.org\/index.php?rest_route=%2Fwp%2Fv2%2Fcategories&post=8836"},{"taxonomy":"post_tag","embeddable":true,"href":"https:\/\/atecordoba.org\/index.php?rest_route=%2Fwp%2Fv2%2Ftags&post=8836"}],"curies":[{"name":"wp","href":"https:\/\/api.w.org\/{rel}","templated":true}]}}