{"id":8828,"date":"2017-08-02T16:38:01","date_gmt":"2017-08-02T19:38:01","guid":{"rendered":"http:\/\/www.atecordoba.org\/?p=8828"},"modified":"2017-08-02T16:38:01","modified_gmt":"2017-08-02T19:38:01","slug":"eleccion-de-delegados-en-la-municipalidad-de-unquillo-2","status":"publish","type":"post","link":"https:\/\/atecordoba.org\/?p=8828","title":{"rendered":"Elecci\u00f3n de delegados en la Municipalidad de Unquillo"},"content":{"rendered":"<p><em>Ayer se realiz\u00f3 la elecci\u00f3n de seis delegados en la intendencia de la localidad serrana.<\/em><\/p>\n<p><img loading=\"lazy\" decoding=\"async\" class=\"aligncenter size-full wp-image-8830\" src=\"http:\/\/www.atecordoba.org\/wp-content\/uploads\/2017\/08\/unquillo-eleccion.png\" alt=\"\" width=\"450\" height=\"600\"><\/p>\n<p style=\"text-align: center;\"><em>(archivo)<\/em><\/p>\n<p>En la oportunidad resultaron electos los compa\u00f1eros Antonio Aredes, &nbsp;Melina Martinez,&nbsp;Lucas Bustamante, Erika Aguirre,&nbsp;Walter Beltramo y&nbsp;Paola Chavez.&nbsp;<\/p>\n<p>Se destac\u00f3 la alta participaci\u00f3n de compa\u00f1eros municipales, alcanzando al 98% de la cantidad de afiliados inscriptos. El secretario de Interior de ATE C\u00f3rdoba, Alejandro Murua, destac\u00f3 el entusiasmo de los trabajadores en participar, sobre todo teniendo en cuenta que el gremio municipal local, apoyado por una patota de la Federaci\u00f3n Municipal, intent\u00f3 hasta donde pudo impedir la elecci\u00f3n.<\/p>\n<p>&#8220;En el marco de un d\u00eda de fiesta democr\u00e1tica como lo es una elecci\u00f3n de delegados, lamentamos que algunos dirigentes pretenden impedir el libre ejercicio de los trabajadores, apelando a la violencia o la intimidaci\u00f3n. De la misma manera, el ejecutivo municipal se mueve con par\u00e1metros de autoritarismo y falta de garant\u00edas del ejercicio de la libertad y democracia sindical en el \u00e1mbito de su jurisdicci\u00f3n&#8221;, resumi\u00f3 el dirigente.&nbsp;<\/p>\n<p>A pesar de eso, el cuerpo de delegados rescat\u00f3 la presencia de ATE en los distintos sectores de la comuna y la legitimidad de origen de la representaci\u00f3n sindical que ejerce nuestro gremio, refrendada en esta elecci\u00f3n. &#8220;El otro gremio no puede decir lo mismo, su principal preocupaci\u00f3n es atender las necesidades de la patronal en vez de representar a los trabajadores&#8221;, concluy\u00f3 Murua.<\/p>\n","protected":false},"excerpt":{"rendered":"<p>Ayer se realiz\u00f3 la elecci\u00f3n de seis delegados en la intendencia de la localidad serrana. (archivo) En la oportunidad resultaron electos los compa\u00f1eros Antonio Aredes, &nbsp;Melina Martinez,&nbsp;Lucas Bustamante, Erika Aguirre,&nbsp;Walter Beltramo y&nbsp;Paola Chavez.&nbsp; Se destac\u00f3 la alta participaci\u00f3n de compa\u00f1eros municipales, alcanzando al 98% de la cantidad de afiliados inscriptos. El secretario de Interior de [&hellip;]<\/p>\n","protected":false},"author":1,"featured_media":19220,"comment_status":"open","ping_status":"open","sticky":false,"template":"","format":"standard","meta":{"_exactmetrics_skip_tracking":false,"_exactmetrics_sitenote_active":false,"_exactmetrics_sitenote_note":"","_exactmetrics_sitenote_category":0,"jnews-multi-image_gallery":[],"jnews_single_post":[],"jnews_primary_category":[],"jnews_social_meta":[],"jnews_review":[],"enable_review":"","type":"","name":"","summary":"","brand":"","sku":"","good":[],"bad":[],"score_override":"","override_value":"","rating":[],"price":[],"jnews_override_counter":[],"jnews_post_split":[],"footnotes":""},"categories":[20],"tags":[],"class_list":["post-8828","post","type-post","status-publish","format-standard","has-post-thumbnail","hentry","category-municipales"],"jetpack_featured_media_url":"https:\/\/atecordoba.org\/wp-content\/uploads\/2020\/05\/logo-nuevochico-e1561581322808.png","_links":{"self":[{"href":"https:\/\/atecordoba.org\/index.php?rest_route=\/wp\/v2\/posts\/8828","targetHints":{"allow":["GET"]}}],"collection":[{"href":"https:\/\/atecordoba.org\/index.php?rest_route=\/wp\/v2\/posts"}],"about":[{"href":"https:\/\/atecordoba.org\/index.php?rest_route=\/wp\/v2\/types\/post"}],"author":[{"embeddable":true,"href":"https:\/\/atecordoba.org\/index.php?rest_route=\/wp\/v2\/users\/1"}],"replies":[{"embeddable":true,"href":"https:\/\/atecordoba.org\/index.php?rest_route=%2Fwp%2Fv2%2Fcomments&post=8828"}],"version-history":[{"count":0,"href":"https:\/\/atecordoba.org\/index.php?rest_route=\/wp\/v2\/posts\/8828\/revisions"}],"wp:featuredmedia":[{"embeddable":true,"href":"https:\/\/atecordoba.org\/index.php?rest_route=\/wp\/v2\/media\/19220"}],"wp:attachment":[{"href":"https:\/\/atecordoba.org\/index.php?rest_route=%2Fwp%2Fv2%2Fmedia&parent=8828"}],"wp:term":[{"taxonomy":"category","embeddable":true,"href":"https:\/\/atecordoba.org\/index.php?rest_route=%2Fwp%2Fv2%2Fcategories&post=8828"},{"taxonomy":"post_tag","embeddable":true,"href":"https:\/\/atecordoba.org\/index.php?rest_route=%2Fwp%2Fv2%2Ftags&post=8828"}],"curies":[{"name":"wp","href":"https:\/\/api.w.org\/{rel}","templated":true}]}}