{"id":8823,"date":"2017-07-31T17:03:49","date_gmt":"2017-07-31T20:03:49","guid":{"rendered":"http:\/\/www.atecordoba.org\/?p=8823"},"modified":"2017-07-31T17:03:49","modified_gmt":"2017-07-31T20:03:49","slug":"encuentro-organizativo-de-gremios-y-organizaciones-de-jubilados-para-resistir-el-ajuste-previsional","status":"publish","type":"post","link":"https:\/\/atecordoba.org\/?p=8823","title":{"rendered":"Encuentro organizativo de gremios y organizaciones de jubilados para resistir el ajuste previsional"},"content":{"rendered":"<p><em>El c\u00f3nclave se llevar\u00e1 a cabo el mi\u00e9rcoles 2 de agosto &nbsp;en el local de Luz y Fuerza.<\/em><\/p>\n<p><img loading=\"lazy\" decoding=\"async\" class=\"aligncenter size-full wp-image-7364\" src=\"http:\/\/www.atecordoba.org\/wp-content\/uploads\/2016\/09\/WhatsApp-Image-2016-09-23-at-12.25.38-e1474921362690.jpeg\" alt=\"\" width=\"550\" height=\"330\"><\/p>\n<p>La convocatoria parte de la Comisi\u00f3n Permanente de Activos, Jubilados Provinciales y Nacionales de la Provincia de C\u00f3rdoba y tiene por objetivo&nbsp;profundizar la unidad entre jubilados nacionales y jubilados provinciales, los diferentes agrupamientos de retirados policiales, los centros vecinales y Apyme (tarifazos), entre trabajadores formales e informales.<\/p>\n<p>El instrumento aprobado org\u00e1nicamente para solidificar esa cohesi\u00f3n es la conformaci\u00f3n del Foro C\u00f3rdoba Solidario para la Seguridad Social y el Trabajo, donde entre todos luchemos y nos movilicemos para priorizar conquistas que sean comunes a todos los sectores sociales.<\/p>\n<p>Junto a representantes de las organizaciones interesadas est\u00e1n presentes compa\u00f1eros del Consejo Directivo Provincial, del Centro de Jubilados Provincial y de la Comisi\u00f3n Nacional de Jubilados de ATE.<\/p>\n<p>La reuni\u00f3n se llevar\u00e1 a cabo el mi\u00e9rcoles 2 de agosto a las 16.30 horas en la sede de Luz y Fuerza, Dean Funes 672, C\u00f3rdoba Capital.&nbsp;<\/p>\n","protected":false},"excerpt":{"rendered":"<p>El c\u00f3nclave se llevar\u00e1 a cabo el mi\u00e9rcoles 2 de agosto &nbsp;en el local de Luz y Fuerza. La convocatoria parte de la Comisi\u00f3n Permanente de Activos, Jubilados Provinciales y Nacionales de la Provincia de C\u00f3rdoba y tiene por objetivo&nbsp;profundizar la unidad entre jubilados nacionales y jubilados provinciales, los diferentes agrupamientos de retirados policiales, los [&hellip;]<\/p>\n","protected":false},"author":1,"featured_media":19220,"comment_status":"open","ping_status":"open","sticky":false,"template":"","format":"standard","meta":{"_exactmetrics_skip_tracking":false,"_exactmetrics_sitenote_active":false,"_exactmetrics_sitenote_note":"","_exactmetrics_sitenote_category":0,"jnews-multi-image_gallery":[],"jnews_single_post":[],"jnews_primary_category":[],"jnews_social_meta":[],"jnews_review":[],"enable_review":"","type":"","name":"","summary":"","brand":"","sku":"","good":[],"bad":[],"score_override":"","override_value":"","rating":[],"price":[],"jnews_override_counter":[],"jnews_post_split":[],"footnotes":""},"categories":[22],"tags":[],"class_list":["post-8823","post","type-post","status-publish","format-standard","has-post-thumbnail","hentry","category-jubilados"],"jetpack_featured_media_url":"https:\/\/atecordoba.org\/wp-content\/uploads\/2020\/05\/logo-nuevochico-e1561581322808.png","_links":{"self":[{"href":"https:\/\/atecordoba.org\/index.php?rest_route=\/wp\/v2\/posts\/8823","targetHints":{"allow":["GET"]}}],"collection":[{"href":"https:\/\/atecordoba.org\/index.php?rest_route=\/wp\/v2\/posts"}],"about":[{"href":"https:\/\/atecordoba.org\/index.php?rest_route=\/wp\/v2\/types\/post"}],"author":[{"embeddable":true,"href":"https:\/\/atecordoba.org\/index.php?rest_route=\/wp\/v2\/users\/1"}],"replies":[{"embeddable":true,"href":"https:\/\/atecordoba.org\/index.php?rest_route=%2Fwp%2Fv2%2Fcomments&post=8823"}],"version-history":[{"count":0,"href":"https:\/\/atecordoba.org\/index.php?rest_route=\/wp\/v2\/posts\/8823\/revisions"}],"wp:featuredmedia":[{"embeddable":true,"href":"https:\/\/atecordoba.org\/index.php?rest_route=\/wp\/v2\/media\/19220"}],"wp:attachment":[{"href":"https:\/\/atecordoba.org\/index.php?rest_route=%2Fwp%2Fv2%2Fmedia&parent=8823"}],"wp:term":[{"taxonomy":"category","embeddable":true,"href":"https:\/\/atecordoba.org\/index.php?rest_route=%2Fwp%2Fv2%2Fcategories&post=8823"},{"taxonomy":"post_tag","embeddable":true,"href":"https:\/\/atecordoba.org\/index.php?rest_route=%2Fwp%2Fv2%2Ftags&post=8823"}],"curies":[{"name":"wp","href":"https:\/\/api.w.org\/{rel}","templated":true}]}}