{"id":882,"date":"2011-05-20T15:34:08","date_gmt":"2011-05-20T18:34:08","guid":{"rendered":"http:\/\/www.atecordoba.org\/?p=882"},"modified":"2011-05-20T15:34:08","modified_gmt":"2011-05-20T18:34:08","slug":"se-agudiza-el-conflicto-en-migraciones","status":"publish","type":"post","link":"https:\/\/atecordoba.org\/?p=882","title":{"rendered":"Se agudiza el conflicto en Migraciones"},"content":{"rendered":"<div>\n<div dir=\"ltr\">\n<p><strong>(C\u00f3rdoba, 20-5-2011) Las represalias patronales en el aeropuerto Ezeiza s\u00f3lo incrementaron el espiral conflcitivo que envuelve al sector. C\u00f3rdoba se encuentra en estado de asamblea permanente, dificultando la actividad en el aeropuerto internacional de la ciudad.<\/strong><\/p>\n<\/div>\n<\/div>\n<div>\n<div dir=\"ltr\">\n<p>Tras la negativa de las autoridades de Migraciones de atender a las demandas de ATE-migraciones, en el marco de la conciliaci\u00f3n obligatoria que la propia patronal pidi\u00f3 al Ministerio de Trabajo, el sector se encuentra en estado de asamblea permanente, con vistas a realizar un paro contundente el pr\u00f3ximo 26 de corriente.<\/p>\n<p>La medida de fuerza se har\u00e1 efectiva en las direcciones de migraciones de todo el pa\u00eds y los pasos fronterizos.<\/p>\n<p>&#8220;Reclamamos el blanqueo del SIM (adicional de servicio de inspecci\u00f3n migratoria) que representa el 60 % de sus salarios, que no se cobra cuando los compa\u00f1eros tienen carpeta m\u00e9dica. Adem\u00e1s exigimos que ese adicional se incremente hasta 1500 pesos, el pase a planta permanente de los contratados y un aumento de las horas electorales a un m\u00ednimo de 200 para el personal administrativo, tal como lo recibimos en las \u00e1reas operativas&#8221;, se\u00f1alaron Juan CArlos Tolosa y Camilo Lafalla, delegados cordobeses de ATE-migraciones<\/p>\n<p><strong>En Buenos Aires<\/strong><\/p>\n<p>Los trabajadores de la Direcci\u00f3n Nacional de Migraciones sufren las represalias del Director Nacional de Migraciones, Dr Mart\u00edn Arias Duval, quien desplaz\u00f3 de sus funciones a 80 inspectores, lo cual les signific\u00f3 una reducci\u00f3n de sus salarios. Por eso tras el contundente paro de este mi\u00e9rcoles, ATE decidi\u00f3 realizar una asamblea en Ezeiza donde van a decidir los pasos a seguir. Asimismo han decidido realizar una movilizaci\u00f3n el lunes 23 de Mayo en Ezeiza en reclamo de los 80 compa\u00f1eros desplazados de sus cargos de inspectores.<\/p>\n<p>Hace 4 a\u00f1os que vienen reclamando y en las \u00faltimas conciliaciones obligatorias no avanzaron de ninguna forma. El d\u00eda mi\u00e9rcoles 18 de mayo los trabajadores nucleados en ATE de la Direcci\u00f3n Nacional de Migraciones realizaron un paro en el Aeropuerto de Ezeiza. Se sumaron aproximadamente el 100 % de los trabajadores, adem\u00e1s de plegarse los trabajadores de Aeroparque y el Aeropuerto de Posadas.<\/p>\n<\/div>\n<\/div>\n","protected":false},"excerpt":{"rendered":"<p>(C\u00f3rdoba, 20-5-2011) Las represalias patronales en el aeropuerto Ezeiza s\u00f3lo incrementaron el espiral conflcitivo que envuelve al sector. C\u00f3rdoba se encuentra en estado de asamblea permanente, dificultando la actividad en el aeropuerto internacional de la ciudad. Tras la negativa de las autoridades de Migraciones de atender a las demandas de ATE-migraciones, en el marco de [&hellip;]<\/p>\n","protected":false},"author":1,"featured_media":19220,"comment_status":"open","ping_status":"open","sticky":false,"template":"","format":"standard","meta":{"_exactmetrics_skip_tracking":false,"_exactmetrics_sitenote_active":false,"_exactmetrics_sitenote_note":"","_exactmetrics_sitenote_category":0,"jnews-multi-image_gallery":[],"jnews_single_post":[],"jnews_primary_category":[],"jnews_social_meta":[],"jnews_review":[],"enable_review":"","type":"","name":"","summary":"","brand":"","sku":"","good":[],"bad":[],"score_override":"","override_value":"","rating":[],"price":[],"jnews_override_counter":[],"jnews_post_split":[],"footnotes":""},"categories":[18],"tags":[69,29,11],"class_list":["post-882","post","type-post","status-publish","format-standard","has-post-thumbnail","hentry","category-nacionales","tag-migraciones","tag-nacionales-2","tag-noticias-2"],"jetpack_featured_media_url":"https:\/\/atecordoba.org\/wp-content\/uploads\/2020\/05\/logo-nuevochico-e1561581322808.png","_links":{"self":[{"href":"https:\/\/atecordoba.org\/index.php?rest_route=\/wp\/v2\/posts\/882","targetHints":{"allow":["GET"]}}],"collection":[{"href":"https:\/\/atecordoba.org\/index.php?rest_route=\/wp\/v2\/posts"}],"about":[{"href":"https:\/\/atecordoba.org\/index.php?rest_route=\/wp\/v2\/types\/post"}],"author":[{"embeddable":true,"href":"https:\/\/atecordoba.org\/index.php?rest_route=\/wp\/v2\/users\/1"}],"replies":[{"embeddable":true,"href":"https:\/\/atecordoba.org\/index.php?rest_route=%2Fwp%2Fv2%2Fcomments&post=882"}],"version-history":[{"count":0,"href":"https:\/\/atecordoba.org\/index.php?rest_route=\/wp\/v2\/posts\/882\/revisions"}],"wp:featuredmedia":[{"embeddable":true,"href":"https:\/\/atecordoba.org\/index.php?rest_route=\/wp\/v2\/media\/19220"}],"wp:attachment":[{"href":"https:\/\/atecordoba.org\/index.php?rest_route=%2Fwp%2Fv2%2Fmedia&parent=882"}],"wp:term":[{"taxonomy":"category","embeddable":true,"href":"https:\/\/atecordoba.org\/index.php?rest_route=%2Fwp%2Fv2%2Fcategories&post=882"},{"taxonomy":"post_tag","embeddable":true,"href":"https:\/\/atecordoba.org\/index.php?rest_route=%2Fwp%2Fv2%2Ftags&post=882"}],"curies":[{"name":"wp","href":"https:\/\/api.w.org\/{rel}","templated":true}]}}