{"id":8812,"date":"2017-07-28T14:48:56","date_gmt":"2017-07-28T17:48:56","guid":{"rendered":"http:\/\/www.atecordoba.org\/?p=8812"},"modified":"2017-07-28T14:48:56","modified_gmt":"2017-07-28T17:48:56","slug":"se-levanto-la-ocupacion-del-consejo-superior-y-sigue-la-lucha","status":"publish","type":"post","link":"https:\/\/atecordoba.org\/?p=8812","title":{"rendered":"UNC: se levant\u00f3 la ocupaci\u00f3n del Consejo Superior y sigue la lucha"},"content":{"rendered":"<p><em>La ocupaci\u00f3n en el Consejo Superior de la UNC lleg\u00f3 a su fin esta ma\u00f1ana, despu\u00e9s que los trabajadores de la cultura, integrantes de la orquesta sinf\u00f3nica, junto a sus representantes gremiales de ATE y miembros de la conducci\u00f3n del sindicato, resolvieron continuar la semana que viene con las medidas de protesta.<\/em><\/p>\n<p><img loading=\"lazy\" decoding=\"async\" class=\"aligncenter size-full wp-image-8813\" src=\"http:\/\/www.atecordoba.org\/wp-content\/uploads\/2017\/07\/20170728_102743-e1501263941405.jpg\" alt=\"\" width=\"550\" height=\"309\"><\/p>\n<p>La medida se tom\u00f3 despu\u00e9s que los integrantes del Consejo Superior se reunieran en otra dependencia de la UNC y resolvieran renunciar a su potestad para legislar sobre el reglamento que regula la actividad de la orquesta y delegaran esa funci\u00f3n en el propio rector.<\/p>\n<p>El reglamento en cuesti\u00f3n, tal como vienen denunciando los trabajadores y ATE desde hace tiempo, implementa en la pr\u00e1ctica el despido encubierto de 64 m\u00fasicos, que vienen realizando un trabajo profesional que la UNC se niega a reconocer en t\u00e9rminos laborales, en algunos casos desde hace una d\u00e9cada.<\/p>\n<p>Los compa\u00f1eros tomaron la decisi\u00f3n de ocupar el Consejo Superior ante la falta total de canales de di\u00e1logo para descomprimir la situaci\u00f3n, en el marco de un plan de lucha que se viene realizando desde hace un a\u00f1o.<\/p>\n<p>Todos los reclamos elevados a las autoridades fueron deso\u00eddos, raz\u00f3n por la cual los trabajadores que cuentan con la representaci\u00f3n gremial de ATE, irrumpieron ayer por la tarde en el Consejo Superior para hacer saber a la opini\u00f3n p\u00fablica y la comunidad universitaria el estado l\u00edmite en que se encuentran, ante el riesgo inminente de la p\u00e9rdida de los puestos de trabajo.<\/p>\n<p>Ahora los trabajadores, en asamblea, resolver\u00e1n los pasos a seguir para dar continuidad al plan de lucha y defender sobre todas las cosas la continuidad laboral de todos los m\u00fasicos.<\/p>\n<p>&nbsp;<\/p>\n","protected":false},"excerpt":{"rendered":"<p>La ocupaci\u00f3n en el Consejo Superior de la UNC lleg\u00f3 a su fin esta ma\u00f1ana, despu\u00e9s que los trabajadores de la cultura, integrantes de la orquesta sinf\u00f3nica, junto a sus representantes gremiales de ATE y miembros de la conducci\u00f3n del sindicato, resolvieron continuar la semana que viene con las medidas de protesta. La medida se [&hellip;]<\/p>\n","protected":false},"author":1,"featured_media":19220,"comment_status":"open","ping_status":"open","sticky":false,"template":"","format":"standard","meta":{"_exactmetrics_skip_tracking":false,"_exactmetrics_sitenote_active":false,"_exactmetrics_sitenote_note":"","_exactmetrics_sitenote_category":0,"jnews-multi-image_gallery":[],"jnews_single_post":[],"jnews_primary_category":[],"jnews_social_meta":[],"jnews_review":[],"enable_review":"","type":"","name":"","summary":"","brand":"","sku":"","good":[],"bad":[],"score_override":"","override_value":"","rating":[],"price":[],"jnews_override_counter":[],"jnews_post_split":[],"footnotes":""},"categories":[89],"tags":[],"class_list":["post-8812","post","type-post","status-publish","format-standard","has-post-thumbnail","hentry","category-unc"],"jetpack_featured_media_url":"https:\/\/atecordoba.org\/wp-content\/uploads\/2020\/05\/logo-nuevochico-e1561581322808.png","_links":{"self":[{"href":"https:\/\/atecordoba.org\/index.php?rest_route=\/wp\/v2\/posts\/8812","targetHints":{"allow":["GET"]}}],"collection":[{"href":"https:\/\/atecordoba.org\/index.php?rest_route=\/wp\/v2\/posts"}],"about":[{"href":"https:\/\/atecordoba.org\/index.php?rest_route=\/wp\/v2\/types\/post"}],"author":[{"embeddable":true,"href":"https:\/\/atecordoba.org\/index.php?rest_route=\/wp\/v2\/users\/1"}],"replies":[{"embeddable":true,"href":"https:\/\/atecordoba.org\/index.php?rest_route=%2Fwp%2Fv2%2Fcomments&post=8812"}],"version-history":[{"count":0,"href":"https:\/\/atecordoba.org\/index.php?rest_route=\/wp\/v2\/posts\/8812\/revisions"}],"wp:featuredmedia":[{"embeddable":true,"href":"https:\/\/atecordoba.org\/index.php?rest_route=\/wp\/v2\/media\/19220"}],"wp:attachment":[{"href":"https:\/\/atecordoba.org\/index.php?rest_route=%2Fwp%2Fv2%2Fmedia&parent=8812"}],"wp:term":[{"taxonomy":"category","embeddable":true,"href":"https:\/\/atecordoba.org\/index.php?rest_route=%2Fwp%2Fv2%2Fcategories&post=8812"},{"taxonomy":"post_tag","embeddable":true,"href":"https:\/\/atecordoba.org\/index.php?rest_route=%2Fwp%2Fv2%2Ftags&post=8812"}],"curies":[{"name":"wp","href":"https:\/\/api.w.org\/{rel}","templated":true}]}}