{"id":8807,"date":"2017-07-27T14:12:49","date_gmt":"2017-07-27T17:12:49","guid":{"rendered":"http:\/\/www.atecordoba.org\/?p=8807"},"modified":"2020-08-10T11:02:26","modified_gmt":"2020-08-10T14:02:26","slug":"ate-crece-en-organizacion-en-pami-en-el-interior-provincial","status":"publish","type":"post","link":"https:\/\/atecordoba.org\/?p=8807","title":{"rendered":"ATE crece en organizaci\u00f3n en PAMI en el interior provincial"},"content":{"rendered":"<p><em>Con importante participaci\u00f3n de los trabajadores, ayer se eligi\u00f3 un delegado regional que abarca la representaci\u00f3n de Alta Gracia, R\u00edo tercero y Santa Rosa de Calamuchita.<\/em><\/p>\n<p><img loading=\"lazy\" decoding=\"async\" class=\"aligncenter size-full wp-image-8808\" src=\"http:\/\/www.atecordoba.org\/wp-content\/uploads\/2017\/07\/delegado-ATE-PAMI-victor-i\u00f1iguez-e1501175380779.jpeg\" alt=\"\" width=\"550\" height=\"660\"><\/p>\n<p>Como resultado de la elecci\u00f3n result\u00f3 consagrado el compa\u00f1eros V\u00edctor Luis I\u00f1iguez. En la oportunidad estuvieron presentes para garantizar la elecci\u00f3n en las diversas localidades los compa\u00f1eros&nbsp;&nbsp;Elisa Ojeda, Cielo Acosta de ATE-PAMI, junto a Luis Mar\u00eda Alman Bornes, como \u00f3rgano de fiscalizaci\u00f3n del Consejo Directivo Provincial.<\/p>\n<p>&nbsp;<\/p>\n<p>La jornada transcurri\u00f3 con absoluta normalidad que significa un paso m\u00e1s en el crecimiento organizativo de ATE en el organismo. Con la incorporaci\u00f3n de I\u00f1iguez, ATE ya cuenta con 10 delegados en PAMI en todo el territorio provincial.<\/p>\n<p>De esta manera se da cumplimiento en C\u00f3rdoba&nbsp;al mandato de crecer en afiliados y organizaci\u00f3n en los sectores nacionales, que resolviera el \u00faltimo congreso nacional de&nbsp;ATE, hecho de importante gravitaci\u00f3n dentro de los sectores nacionales atento al ajuste que el gobierno nacional est\u00e1 aplicando en&nbsp;el Estado.&nbsp;<\/p>\n","protected":false},"excerpt":{"rendered":"<p>Con importante participaci\u00f3n de los trabajadores, ayer se eligi\u00f3 un delegado regional que abarca la representaci\u00f3n de Alta Gracia, R\u00edo tercero y Santa Rosa de Calamuchita. Como resultado de la elecci\u00f3n result\u00f3 consagrado el compa\u00f1eros V\u00edctor Luis I\u00f1iguez. En la oportunidad estuvieron presentes para garantizar la elecci\u00f3n en las diversas localidades los compa\u00f1eros&nbsp;&nbsp;Elisa Ojeda, Cielo [&hellip;]<\/p>\n","protected":false},"author":1,"featured_media":19220,"comment_status":"open","ping_status":"open","sticky":false,"template":"","format":"standard","meta":{"_exactmetrics_skip_tracking":false,"_exactmetrics_sitenote_active":false,"_exactmetrics_sitenote_note":"","_exactmetrics_sitenote_category":0,"jnews-multi-image_gallery":[],"jnews_single_post":[],"jnews_primary_category":[],"jnews_social_meta":[],"jnews_review":[],"enable_review":"","type":"","name":"","summary":"","brand":"","sku":"","good":[],"bad":[],"score_override":"","override_value":"","rating":[],"price":[],"jnews_override_counter":[],"jnews_post_split":[],"footnotes":""},"categories":[18],"tags":[],"class_list":["post-8807","post","type-post","status-publish","format-standard","has-post-thumbnail","hentry","category-nacionales"],"jetpack_featured_media_url":"https:\/\/atecordoba.org\/wp-content\/uploads\/2020\/05\/logo-nuevochico-e1561581322808.png","_links":{"self":[{"href":"https:\/\/atecordoba.org\/index.php?rest_route=\/wp\/v2\/posts\/8807","targetHints":{"allow":["GET"]}}],"collection":[{"href":"https:\/\/atecordoba.org\/index.php?rest_route=\/wp\/v2\/posts"}],"about":[{"href":"https:\/\/atecordoba.org\/index.php?rest_route=\/wp\/v2\/types\/post"}],"author":[{"embeddable":true,"href":"https:\/\/atecordoba.org\/index.php?rest_route=\/wp\/v2\/users\/1"}],"replies":[{"embeddable":true,"href":"https:\/\/atecordoba.org\/index.php?rest_route=%2Fwp%2Fv2%2Fcomments&post=8807"}],"version-history":[{"count":1,"href":"https:\/\/atecordoba.org\/index.php?rest_route=\/wp\/v2\/posts\/8807\/revisions"}],"predecessor-version":[{"id":21137,"href":"https:\/\/atecordoba.org\/index.php?rest_route=\/wp\/v2\/posts\/8807\/revisions\/21137"}],"wp:featuredmedia":[{"embeddable":true,"href":"https:\/\/atecordoba.org\/index.php?rest_route=\/wp\/v2\/media\/19220"}],"wp:attachment":[{"href":"https:\/\/atecordoba.org\/index.php?rest_route=%2Fwp%2Fv2%2Fmedia&parent=8807"}],"wp:term":[{"taxonomy":"category","embeddable":true,"href":"https:\/\/atecordoba.org\/index.php?rest_route=%2Fwp%2Fv2%2Fcategories&post=8807"},{"taxonomy":"post_tag","embeddable":true,"href":"https:\/\/atecordoba.org\/index.php?rest_route=%2Fwp%2Fv2%2Ftags&post=8807"}],"curies":[{"name":"wp","href":"https:\/\/api.w.org\/{rel}","templated":true}]}}