{"id":8802,"date":"2017-07-26T13:29:09","date_gmt":"2017-07-26T16:29:09","guid":{"rendered":"http:\/\/www.atecordoba.org\/?p=8802"},"modified":"2017-07-26T13:29:09","modified_gmt":"2017-07-26T16:29:09","slug":"con-ate-movilizado-60-musicos-evitaron-su-despido-encubierto-en-la-unc","status":"publish","type":"post","link":"https:\/\/atecordoba.org\/?p=8802","title":{"rendered":"Con ATE movilizado, 60 m\u00fasicos evitaron su despido encubierto en la UNC"},"content":{"rendered":"<p><em>Durante la sesi\u00f3n del Consejo Superior universitario realizada ayer, los m\u00fasicos de la orquesta sinf\u00f3nica de la UNC irrumpieron en el recinto y evitaron que se trate un nuevo reglamento que instrumenta el despido encubierto de 60 compa\u00f1eros.<\/em><\/p>\n<figure id=\"attachment_8804\" aria-describedby=\"caption-attachment-8804\" style=\"width: 550px\" class=\"wp-caption aligncenter\"><img loading=\"lazy\" decoding=\"async\" class=\"wp-image-8804 size-full\" src=\"http:\/\/www.atecordoba.org\/wp-content\/uploads\/2017\/07\/consejo-e1501086302529.jpeg\" alt=\"\" width=\"550\" height=\"309\"><figcaption id=\"caption-attachment-8804\" class=\"wp-caption-text\">Los trabajadores expresaron su posici\u00f3n frente a las autoridades universitarias<\/figcaption><\/figure>\n<p>Los m\u00fasicos de la Orquesta Sinf\u00f3nica de la UNC lograron ayer postergar en el Concejo Superior de la universidad el tratamiento de un nuevo reglamento para dicha orquesta que la har\u00e1 desaparecer como existe en la actualidad. Se trata de una norma que formaliza la precarizaci\u00f3n laboral de sus integrantes, negando derechos adquiridos de trabajadores que tienen hasta 10 a\u00f1os de antig\u00fcedad.<\/p>\n<p>En la oportunidad, ATE se moviliz\u00f3 hasta las sede del Concejo Superior de la UNC, junto a compa\u00f1eros de otras reparticiones, encabezados por el secretario Progremial Francisco Pav\u00e1n y miembros del Consejo Directivo Provincial.<\/p>\n<figure id=\"attachment_8805\" aria-describedby=\"caption-attachment-8805\" style=\"width: 550px\" class=\"wp-caption aligncenter\"><img loading=\"lazy\" decoding=\"async\" class=\"wp-image-8805 size-full\" src=\"http:\/\/www.atecordoba.org\/wp-content\/uploads\/2017\/07\/asamblea-e1501086327203.jpeg\" alt=\"\" width=\"550\" height=\"309\"><figcaption id=\"caption-attachment-8805\" class=\"wp-caption-text\">En una asamblea posterior los m\u00fasicos resolvieron los pasos a seguir.<\/figcaption><\/figure>\n<p>Con el nuevo reglamento las autoridades universitarias pretenden imponer un r\u00e9gimen que impide en la pr\u00e1ctica que los m\u00fasicos que actualmente conforma el cuerpo contin\u00faen desempe\u00f1ando la actividad.<\/p>\n<p>\u201cEst\u00e1n por aprobar un reglamento que implica el despido encubierto de 60 trabajadores de la cultura\u201d, dijo Victoria Pato, delegada de los m\u00fasicos, frente al conjunto de los decanos de las distintas facultades presentes.<\/p>\n<p>A ra\u00edz de la intervenci\u00f3n de ATE en la sesi\u00f3n, los decanos resolvieron postergar el tratamiento del reglamento en cuesti\u00f3n para el pr\u00f3ximo viernes a las 9 de la ma\u00f1ana.<\/p>\n<figure id=\"attachment_8803\" aria-describedby=\"caption-attachment-8803\" style=\"width: 550px\" class=\"wp-caption aligncenter\"><img loading=\"lazy\" decoding=\"async\" class=\"wp-image-8803 size-full\" src=\"http:\/\/www.atecordoba.org\/wp-content\/uploads\/2017\/07\/consejo-policia-e1501086360687.jpeg\" alt=\"\" width=\"550\" height=\"309\"><figcaption id=\"caption-attachment-8803\" class=\"wp-caption-text\">Cord\u00f3n policial en el ingreso del recinto.<\/figcaption><\/figure>\n<p>En consecuencia, para ese d\u00eda ATE convoca a organizaciones de la comunidad universitaria, la cultura y el trabajo a movilizarse en apoyo de la defensa de los puestos de trabajo en riesgo.<\/p>\n","protected":false},"excerpt":{"rendered":"<p>Durante la sesi\u00f3n del Consejo Superior universitario realizada ayer, los m\u00fasicos de la orquesta sinf\u00f3nica de la UNC irrumpieron en el recinto y evitaron que se trate un nuevo reglamento que instrumenta el despido encubierto de 60 compa\u00f1eros. Los m\u00fasicos de la Orquesta Sinf\u00f3nica de la UNC lograron ayer postergar en el Concejo Superior de [&hellip;]<\/p>\n","protected":false},"author":1,"featured_media":19220,"comment_status":"open","ping_status":"open","sticky":false,"template":"","format":"standard","meta":{"_exactmetrics_skip_tracking":false,"_exactmetrics_sitenote_active":false,"_exactmetrics_sitenote_note":"","_exactmetrics_sitenote_category":0,"jnews-multi-image_gallery":[],"jnews_single_post":[],"jnews_primary_category":[],"jnews_social_meta":[],"jnews_review":[],"enable_review":"","type":"","name":"","summary":"","brand":"","sku":"","good":[],"bad":[],"score_override":"","override_value":"","rating":[],"price":[],"jnews_override_counter":[],"jnews_post_split":[],"footnotes":""},"categories":[89],"tags":[],"class_list":["post-8802","post","type-post","status-publish","format-standard","has-post-thumbnail","hentry","category-unc"],"jetpack_featured_media_url":"https:\/\/atecordoba.org\/wp-content\/uploads\/2020\/05\/logo-nuevochico-e1561581322808.png","_links":{"self":[{"href":"https:\/\/atecordoba.org\/index.php?rest_route=\/wp\/v2\/posts\/8802","targetHints":{"allow":["GET"]}}],"collection":[{"href":"https:\/\/atecordoba.org\/index.php?rest_route=\/wp\/v2\/posts"}],"about":[{"href":"https:\/\/atecordoba.org\/index.php?rest_route=\/wp\/v2\/types\/post"}],"author":[{"embeddable":true,"href":"https:\/\/atecordoba.org\/index.php?rest_route=\/wp\/v2\/users\/1"}],"replies":[{"embeddable":true,"href":"https:\/\/atecordoba.org\/index.php?rest_route=%2Fwp%2Fv2%2Fcomments&post=8802"}],"version-history":[{"count":0,"href":"https:\/\/atecordoba.org\/index.php?rest_route=\/wp\/v2\/posts\/8802\/revisions"}],"wp:featuredmedia":[{"embeddable":true,"href":"https:\/\/atecordoba.org\/index.php?rest_route=\/wp\/v2\/media\/19220"}],"wp:attachment":[{"href":"https:\/\/atecordoba.org\/index.php?rest_route=%2Fwp%2Fv2%2Fmedia&parent=8802"}],"wp:term":[{"taxonomy":"category","embeddable":true,"href":"https:\/\/atecordoba.org\/index.php?rest_route=%2Fwp%2Fv2%2Fcategories&post=8802"},{"taxonomy":"post_tag","embeddable":true,"href":"https:\/\/atecordoba.org\/index.php?rest_route=%2Fwp%2Fv2%2Ftags&post=8802"}],"curies":[{"name":"wp","href":"https:\/\/api.w.org\/{rel}","templated":true}]}}