{"id":8793,"date":"2017-07-24T16:09:58","date_gmt":"2017-07-24T19:09:58","guid":{"rendered":"http:\/\/www.atecordoba.org\/?p=8793"},"modified":"2017-07-24T16:09:58","modified_gmt":"2017-07-24T19:09:58","slug":"la-orquesta-sinfonica-de-la-unc-se-moviliza-contra-un-reglamento-que-consolida-la-precarizacion-laboral","status":"publish","type":"post","link":"https:\/\/atecordoba.org\/?p=8793","title":{"rendered":"La Orquesta Sinf\u00f3nica de la UNC se moviliza contra un reglamento que consolida la precarizaci\u00f3n laboral"},"content":{"rendered":"<p><em>Los m\u00fasicos integrantes de la Orquesta de la Universidad Nacional de C\u00f3rdoba y la Asociaci\u00f3n de Trabajadores del Estado (ATE) nos movilizamos ma\u00f1ana martes 25 de julio hasta el Consejo Superior de la casa de estudios, para rechazar el proyecto de reglamento impulsado por las autoridades.<\/em><\/p>\n<p style=\"text-align: left;\"><img loading=\"lazy\" decoding=\"async\" class=\"aligncenter size-full wp-image-8794\" src=\"http:\/\/www.atecordoba.org\/wp-content\/uploads\/2017\/07\/20161108_183937-e1500923365435.jpg\" alt=\"\" width=\"550\" height=\"309\"><br \/>\nLa norma establece un despido encubierto de los trabajadores al poner l\u00edmite a la extensi\u00f3n de las becas, afectando derechos adquiridos de compa\u00f1eros que, en algunos casos, sobrellevan hasta 10 a\u00f1os como personal precarizado.<br \/>\nAdem\u00e1s, amenaza con dinamitar la orquesta al plantear requisitos que impide la renovaci\u00f3n de las becas, suponiendo un retroceso con la situaci\u00f3n actual y alej\u00e1ndose a\u00fan m\u00e1s del leg\u00edtimo derecho de los m\u00fasicos de contar con la estabilidad laboral de todo trabajador estatal, en este caso de \u00e1rea de cultura.<br \/>\nEse marco calamitoso, nos obliga a movilizarnos este martes 25 de julio a las 16.30 al consejo Superior de la UNC a los fines de expresar nuestro rechazo al proyecto, toda vez que las instancias institucionales de la UNC nunca permitieron generar un espacio serio de debate sobre la situaci\u00f3n de la orquesta, no hicieron caso de nuestros reclamos y tampoco el se\u00f1or Rector Hugo Juri accedi\u00f3 a nuestro pedido formal de reuni\u00f3n, tal como hab\u00eda prometido.<br \/>\nLa Orquesta Sinf\u00f3nica de la UNC es un patrimonio del Estado, que invirti\u00f3 mucho dinero en la capacitaci\u00f3n y formaci\u00f3n de sus integrantes. Se trata de un organismo donde el recurso humano es el capital esencial y casi \u00fanico para su funcionamiento, capital que el proyecto de reglamento elaborado por el subsecretario de Cultura Pedro Sorrentino junto al Secretario de Extensi\u00f3n, Conrado Storani, pretende abandonar a su suerte.<br \/>\nPor eso somos los m\u00fasicos quienes estamos defendiendo este espacio construido a lo largo de los a\u00f1os.<br \/>\nEn consecuencia, convocamos a m\u00fasicos, medios de comunicaci\u00f3n, estudiantes, centros de estudiantes, gremios, docentes y no docentes y a toda persona que nos apoye este justo reclamo.<\/p>\n<p style=\"text-align: right;\">Mar\u00eda Liliana Salerno<br \/>\nSecretaria General<\/p>\n","protected":false},"excerpt":{"rendered":"<p>Los m\u00fasicos integrantes de la Orquesta de la Universidad Nacional de C\u00f3rdoba y la Asociaci\u00f3n de Trabajadores del Estado (ATE) nos movilizamos ma\u00f1ana martes 25 de julio hasta el Consejo Superior de la casa de estudios, para rechazar el proyecto de reglamento impulsado por las autoridades. La norma establece un despido encubierto de los trabajadores [&hellip;]<\/p>\n","protected":false},"author":1,"featured_media":19220,"comment_status":"open","ping_status":"open","sticky":false,"template":"","format":"standard","meta":{"_exactmetrics_skip_tracking":false,"_exactmetrics_sitenote_active":false,"_exactmetrics_sitenote_note":"","_exactmetrics_sitenote_category":0,"jnews-multi-image_gallery":[],"jnews_single_post":[],"jnews_primary_category":[],"jnews_social_meta":[],"jnews_review":[],"enable_review":"","type":"","name":"","summary":"","brand":"","sku":"","good":[],"bad":[],"score_override":"","override_value":"","rating":[],"price":[],"jnews_override_counter":[],"jnews_post_split":[],"footnotes":""},"categories":[89],"tags":[],"class_list":["post-8793","post","type-post","status-publish","format-standard","has-post-thumbnail","hentry","category-unc"],"jetpack_featured_media_url":"https:\/\/atecordoba.org\/wp-content\/uploads\/2020\/05\/logo-nuevochico-e1561581322808.png","_links":{"self":[{"href":"https:\/\/atecordoba.org\/index.php?rest_route=\/wp\/v2\/posts\/8793","targetHints":{"allow":["GET"]}}],"collection":[{"href":"https:\/\/atecordoba.org\/index.php?rest_route=\/wp\/v2\/posts"}],"about":[{"href":"https:\/\/atecordoba.org\/index.php?rest_route=\/wp\/v2\/types\/post"}],"author":[{"embeddable":true,"href":"https:\/\/atecordoba.org\/index.php?rest_route=\/wp\/v2\/users\/1"}],"replies":[{"embeddable":true,"href":"https:\/\/atecordoba.org\/index.php?rest_route=%2Fwp%2Fv2%2Fcomments&post=8793"}],"version-history":[{"count":0,"href":"https:\/\/atecordoba.org\/index.php?rest_route=\/wp\/v2\/posts\/8793\/revisions"}],"wp:featuredmedia":[{"embeddable":true,"href":"https:\/\/atecordoba.org\/index.php?rest_route=\/wp\/v2\/media\/19220"}],"wp:attachment":[{"href":"https:\/\/atecordoba.org\/index.php?rest_route=%2Fwp%2Fv2%2Fmedia&parent=8793"}],"wp:term":[{"taxonomy":"category","embeddable":true,"href":"https:\/\/atecordoba.org\/index.php?rest_route=%2Fwp%2Fv2%2Fcategories&post=8793"},{"taxonomy":"post_tag","embeddable":true,"href":"https:\/\/atecordoba.org\/index.php?rest_route=%2Fwp%2Fv2%2Ftags&post=8793"}],"curies":[{"name":"wp","href":"https:\/\/api.w.org\/{rel}","templated":true}]}}