{"id":8785,"date":"2017-07-13T13:14:24","date_gmt":"2017-07-13T16:14:24","guid":{"rendered":"http:\/\/www.atecordoba.org\/?p=8785"},"modified":"2017-07-13T13:14:24","modified_gmt":"2017-07-13T16:14:24","slug":"comenzo-a-funcionar-la-mesa-de-relaciones-laborales-en-san-marcos-sierra","status":"publish","type":"post","link":"https:\/\/atecordoba.org\/?p=8785","title":{"rendered":"Comenz\u00f3 a funcionar la mesa de relaciones laborales en San Marcos Sierra"},"content":{"rendered":"<p><em>Ayer se llev\u00f3 a cabo el primer encuentro, con participaci\u00f3n de ATE y autoridades municipales.<\/em><\/p>\n<p>&nbsp;<img loading=\"lazy\" decoding=\"async\" class=\"aligncenter size-full wp-image-8786\" src=\"http:\/\/www.atecordoba.org\/wp-content\/uploads\/2017\/07\/reunion-ATE-muni-en-san-marcos-e1499962307162.jpeg\" alt=\"\" width=\"550\" height=\"310\"><\/p>\n<p>Es una instancia de negociaci\u00f3n institucional que acord\u00f3 nuestro gremio con el intendente Cesar Brigueras para canalizar planteos gremiales de los trabajadores municipales, a partir de la representaci\u00f3n de ATE en la localidad.<\/p>\n<p>En la oportunidad estuvieron presentes el secretario Adjunto del Consejo Directivo Provincial, Luis Barcena, el secretario de Interior, Alejandro Murua, el vocal, Alejandro Charra, junto a los delegados Juan Moreno y Antonio Tulian. En tanto, en representaci\u00f3n del intendente la reuni\u00f3n cont\u00f3 con la participaci\u00f3n del secretario de Gobierno y la asesora letrada. Tambi\u00e9n estuvieron el presidente del Concejo Deliberante y los jefes de los bloques de concejales del oficialismo y la oposici\u00f3n.<\/p>\n<p>Durante la reuni\u00f3n se trat\u00f3 el ingreso de personal al municipio, abordando las condiciones a regir en el futuro para los nuevos nombramientos. ATE propuso que el ingreso se realice por concurso para todas las \u00e1reas, en tanto hay 14 trabajadores que se desempe\u00f1an hace a\u00f1os en calidad de contratados en la Municipalidad que no deber\u00e1n realizar concurso para pasar a planta permanente.<\/p>\n<p>Los concursos se evaluar\u00e1n en una mesa que ser\u00e1 conformada por los miembros de la comisi\u00f3n de relaciones laborales, que determinar\u00e1 los puntajes a otorgar a cada postulante.<\/p>\n<p>Por otro lado, ATE plante\u00f3 la necesidad de poner en marcha las pautas necesarias para desarrollar el escalaf\u00f3n del personal de salud municipal, atento a que San Marcos cuenta con un Centro de Integraci\u00f3n Comunal (CIC) donde se realiza la atenci\u00f3n primaria con profesionales de salud. Dicho escalaf\u00f3n deber\u00e1 estar en concordancia con el nuevo convenio colectivo de trabajo.<\/p>\n<p>Por \u00faltimo, se acord\u00f3 que el 9 de agosto se llevar\u00e1 a cabo una nueva reuni\u00f3n.<\/p>\n<p>&nbsp;<\/p>\n","protected":false},"excerpt":{"rendered":"<p>Ayer se llev\u00f3 a cabo el primer encuentro, con participaci\u00f3n de ATE y autoridades municipales. &nbsp; Es una instancia de negociaci\u00f3n institucional que acord\u00f3 nuestro gremio con el intendente Cesar Brigueras para canalizar planteos gremiales de los trabajadores municipales, a partir de la representaci\u00f3n de ATE en la localidad. En la oportunidad estuvieron presentes el [&hellip;]<\/p>\n","protected":false},"author":1,"featured_media":19220,"comment_status":"open","ping_status":"open","sticky":false,"template":"","format":"standard","meta":{"_exactmetrics_skip_tracking":false,"_exactmetrics_sitenote_active":false,"_exactmetrics_sitenote_note":"","_exactmetrics_sitenote_category":0,"jnews-multi-image_gallery":[],"jnews_single_post":[],"jnews_primary_category":[],"jnews_social_meta":[],"jnews_review":[],"enable_review":"","type":"","name":"","summary":"","brand":"","sku":"","good":[],"bad":[],"score_override":"","override_value":"","rating":[],"price":[],"jnews_override_counter":[],"jnews_post_split":[],"footnotes":""},"categories":[20],"tags":[],"class_list":["post-8785","post","type-post","status-publish","format-standard","has-post-thumbnail","hentry","category-municipales"],"jetpack_featured_media_url":"https:\/\/atecordoba.org\/wp-content\/uploads\/2020\/05\/logo-nuevochico-e1561581322808.png","_links":{"self":[{"href":"https:\/\/atecordoba.org\/index.php?rest_route=\/wp\/v2\/posts\/8785","targetHints":{"allow":["GET"]}}],"collection":[{"href":"https:\/\/atecordoba.org\/index.php?rest_route=\/wp\/v2\/posts"}],"about":[{"href":"https:\/\/atecordoba.org\/index.php?rest_route=\/wp\/v2\/types\/post"}],"author":[{"embeddable":true,"href":"https:\/\/atecordoba.org\/index.php?rest_route=\/wp\/v2\/users\/1"}],"replies":[{"embeddable":true,"href":"https:\/\/atecordoba.org\/index.php?rest_route=%2Fwp%2Fv2%2Fcomments&post=8785"}],"version-history":[{"count":0,"href":"https:\/\/atecordoba.org\/index.php?rest_route=\/wp\/v2\/posts\/8785\/revisions"}],"wp:featuredmedia":[{"embeddable":true,"href":"https:\/\/atecordoba.org\/index.php?rest_route=\/wp\/v2\/media\/19220"}],"wp:attachment":[{"href":"https:\/\/atecordoba.org\/index.php?rest_route=%2Fwp%2Fv2%2Fmedia&parent=8785"}],"wp:term":[{"taxonomy":"category","embeddable":true,"href":"https:\/\/atecordoba.org\/index.php?rest_route=%2Fwp%2Fv2%2Fcategories&post=8785"},{"taxonomy":"post_tag","embeddable":true,"href":"https:\/\/atecordoba.org\/index.php?rest_route=%2Fwp%2Fv2%2Ftags&post=8785"}],"curies":[{"name":"wp","href":"https:\/\/api.w.org\/{rel}","templated":true}]}}