{"id":8782,"date":"2017-07-12T11:27:53","date_gmt":"2017-07-12T14:27:53","guid":{"rendered":"http:\/\/www.atecordoba.org\/?p=8782"},"modified":"2017-07-12T11:27:53","modified_gmt":"2017-07-12T14:27:53","slug":"homenaje-a-german-abdala","status":"publish","type":"post","link":"https:\/\/atecordoba.org\/?p=8782","title":{"rendered":"Homenaje a Germ\u00e1n Abdala"},"content":{"rendered":"<p><em>Con motivo de cumplirse un nuevo aniversario de su fallecimiento el Consejo Directivo Provincial invita a participar del acto homenaje que se realizar\u00e1 ma\u00f1ana jueves 13 de julio a las 15 horas, en la sede de ATE, Entre R\u00edos 450.<\/em><\/p>\n<p><img loading=\"lazy\" decoding=\"async\" class=\"aligncenter size-full wp-image-8783\" src=\"http:\/\/www.atecordoba.org\/wp-content\/uploads\/2017\/07\/abdala-e1499869179161.jpg\" alt=\"\" width=\"550\" height=\"344\"><\/p>\n<p>En la oportunidad, el CDP har\u00e1 un recorrido por la trayectoria pol\u00edtica y militante del compa\u00f1ero Abdala, fundador junto con otros ilustres referentes de ATE de la agrupaci\u00f3n Anusate.&nbsp;<\/p>\n<p>El acto se llevar\u00e1 a cabo en el sal\u00f3n de actos del Consejo Directivo Provincial.&nbsp;<\/p>\n<p>En referencia al aniversario, &nbsp;el Consejo Directivo Nacional sintetiza la historia y el legado de Germ\u00e1n&nbsp;Abdala: &#8220;fue pintor de autos, encordador de raquetas de tenis, militante pol\u00edtico y operario de mantenimiento en la empresa minera del Estado. Fundador de la agrupaci\u00f3n ANUSATE y, por consiguiente, protagonista de la recuperaci\u00f3n del gremio frente a la intervenci\u00f3n del mismo por parte de la \u00faltima dictadura, cuando Germ\u00e1n Abdala lleg\u00f3 a la Secretar\u00eda General de ATE Capital Federal era todav\u00eda un joven, aunque prometedor, dirigente sindical. De todos modos su compromiso con el cambio no tendr\u00eda al mundo gremial como l\u00edmite: en 1989 ser\u00eda electo diputado nacional, desde donde enfrent\u00f3 las pol\u00edticas neoliberales del menemato. All\u00ed impuls\u00f3 varios proyectos legislativos de orden social y laboral como la \u201cLey Abdala\u201d, un proyecto de Convenciones Colectivas de Trabajo para estatales. Tambi\u00e9n fue un importante part\u00edcipe en la formaci\u00f3n de nuestra Central de Trabajadores de la Argentina. Falleci\u00f3 el 13 de julio de 1993 tras luchar a\u00f1os contra un c\u00e1ncer, y sus cenizas fueron esparcidas en el mar, en las costas de su natal Santa Teresita&#8221;.<\/p>\n<p>&nbsp;<\/p>\n","protected":false},"excerpt":{"rendered":"<p>Con motivo de cumplirse un nuevo aniversario de su fallecimiento el Consejo Directivo Provincial invita a participar del acto homenaje que se realizar\u00e1 ma\u00f1ana jueves 13 de julio a las 15 horas, en la sede de ATE, Entre R\u00edos 450. En la oportunidad, el CDP har\u00e1 un recorrido por la trayectoria pol\u00edtica y militante del [&hellip;]<\/p>\n","protected":false},"author":1,"featured_media":19220,"comment_status":"open","ping_status":"open","sticky":false,"template":"","format":"standard","meta":{"_exactmetrics_skip_tracking":false,"_exactmetrics_sitenote_active":false,"_exactmetrics_sitenote_note":"","_exactmetrics_sitenote_category":0,"jnews-multi-image_gallery":[],"jnews_single_post":[],"jnews_primary_category":[],"jnews_social_meta":[],"jnews_review":[],"enable_review":"","type":"","name":"","summary":"","brand":"","sku":"","good":[],"bad":[],"score_override":"","override_value":"","rating":[],"price":[],"jnews_override_counter":[],"jnews_post_split":[],"footnotes":""},"categories":[10],"tags":[],"class_list":["post-8782","post","type-post","status-publish","format-standard","has-post-thumbnail","hentry","category-accion-politica"],"jetpack_featured_media_url":"https:\/\/atecordoba.org\/wp-content\/uploads\/2020\/05\/logo-nuevochico-e1561581322808.png","_links":{"self":[{"href":"https:\/\/atecordoba.org\/index.php?rest_route=\/wp\/v2\/posts\/8782","targetHints":{"allow":["GET"]}}],"collection":[{"href":"https:\/\/atecordoba.org\/index.php?rest_route=\/wp\/v2\/posts"}],"about":[{"href":"https:\/\/atecordoba.org\/index.php?rest_route=\/wp\/v2\/types\/post"}],"author":[{"embeddable":true,"href":"https:\/\/atecordoba.org\/index.php?rest_route=\/wp\/v2\/users\/1"}],"replies":[{"embeddable":true,"href":"https:\/\/atecordoba.org\/index.php?rest_route=%2Fwp%2Fv2%2Fcomments&post=8782"}],"version-history":[{"count":0,"href":"https:\/\/atecordoba.org\/index.php?rest_route=\/wp\/v2\/posts\/8782\/revisions"}],"wp:featuredmedia":[{"embeddable":true,"href":"https:\/\/atecordoba.org\/index.php?rest_route=\/wp\/v2\/media\/19220"}],"wp:attachment":[{"href":"https:\/\/atecordoba.org\/index.php?rest_route=%2Fwp%2Fv2%2Fmedia&parent=8782"}],"wp:term":[{"taxonomy":"category","embeddable":true,"href":"https:\/\/atecordoba.org\/index.php?rest_route=%2Fwp%2Fv2%2Fcategories&post=8782"},{"taxonomy":"post_tag","embeddable":true,"href":"https:\/\/atecordoba.org\/index.php?rest_route=%2Fwp%2Fv2%2Ftags&post=8782"}],"curies":[{"name":"wp","href":"https:\/\/api.w.org\/{rel}","templated":true}]}}