{"id":8778,"date":"2017-07-05T10:51:27","date_gmt":"2017-07-05T13:51:27","guid":{"rendered":"http:\/\/www.atecordoba.org\/?p=8778"},"modified":"2017-07-05T10:51:27","modified_gmt":"2017-07-05T13:51:27","slug":"incendian-el-vehiculo-de-ate-frente-a-la-casa-del-secretario-general-adjunto","status":"publish","type":"post","link":"https:\/\/atecordoba.org\/?p=8778","title":{"rendered":"Incendian el veh\u00edculo de ATE frente a la casa del secretario General Adjunto"},"content":{"rendered":"<p><em>El gremio exigi\u00f3 a las autoridades que dejen claro si fue un hecho de inseguridad m\u00e1s o un ataque por la actividad gremial.<\/em><\/p>\n<p><img loading=\"lazy\" decoding=\"async\" class=\"aligncenter size-full wp-image-8779\" src=\"http:\/\/www.atecordoba.org\/wp-content\/uploads\/2017\/07\/san-luis_-coche-quemado-e1499262652739.jpg\" alt=\"\" width=\"550\" height=\"413\"><\/p>\n<p><span style=\"font-style: inherit; font-weight: inherit;\">Alrededor de las 4 de la madrugada de este d\u00eda mi\u00e9rcoles, en la puerta del domicilio de Fernando Gatica, Secretario General Adjunto de ATE- San Luis, desconocidos quemaron el veh\u00edculo del sindicato, que el dirigente usa para sus actividades gremiales.<\/span><\/p>\n<p><span style=\"font-style: inherit; font-weight: inherit;\">El propio Gatica se\u00f1al\u00f3 que por datos aportados por una vecina la camioneta Peugeot Partner, propiedad de este CDP, ha sido quemado intencionalmente. En esas primeras averiguaciones la vecina asegur\u00f3 al propio dirigente haber visto como rociaban la camioneta con un l\u00edquido momento antes de que se produjera el incendio.<\/span><\/p>\n<p><span style=\"font-style: inherit; font-weight: inherit;\">Aunque a\u00fan no est\u00e1n claras las causas que motivaron el incendio el propio Gatica inform\u00f3 que no hab\u00eda manera de saber que la camioneta era del gremio porque el veh\u00edculo no ten\u00eda ninguna inscripci\u00f3n que la asociara con el sindicato.<\/span><\/p>\n<p><span style=\"font-style: inherit; font-weight: inherit;\">En ese sentido Gatica se\u00f1al\u00f3 que \u201cexigimos a las autoridades del gobierno y a la propia polic\u00eda que se investigue y esclarezca en su totalidad si se trato se otro hecho de inseguridad m\u00e1s o si se trat\u00f3 de un&nbsp;hecho relacionado con la actividad gremial de realiza nuestra organizaci\u00f3n\u201d. Sobre este punto Gatica remarc\u00f3 que \u201cno vamos a bajarnos de ninguna de las luchas que venimos llevando adelante por los compa\u00f1eros trabajadores estatales provinciales y municipales de la provincia\u201d y sentenci\u00f3 \u201cla labor gremial de ATE sigue firme\u201d. &nbsp;&nbsp;<\/span><\/p>\n","protected":false},"excerpt":{"rendered":"<p>El gremio exigi\u00f3 a las autoridades que dejen claro si fue un hecho de inseguridad m\u00e1s o un ataque por la actividad gremial. Alrededor de las 4 de la madrugada de este d\u00eda mi\u00e9rcoles, en la puerta del domicilio de Fernando Gatica, Secretario General Adjunto de ATE- San Luis, desconocidos quemaron el veh\u00edculo del sindicato, [&hellip;]<\/p>\n","protected":false},"author":1,"featured_media":19220,"comment_status":"open","ping_status":"open","sticky":false,"template":"","format":"standard","meta":{"_exactmetrics_skip_tracking":false,"_exactmetrics_sitenote_active":false,"_exactmetrics_sitenote_note":"","_exactmetrics_sitenote_category":0,"jnews-multi-image_gallery":[],"jnews_single_post":[],"jnews_primary_category":[],"jnews_social_meta":[],"jnews_review":[],"enable_review":"","type":"","name":"","summary":"","brand":"","sku":"","good":[],"bad":[],"score_override":"","override_value":"","rating":[],"price":[],"jnews_override_counter":[],"jnews_post_split":[],"footnotes":""},"categories":[10],"tags":[],"class_list":["post-8778","post","type-post","status-publish","format-standard","has-post-thumbnail","hentry","category-accion-politica"],"jetpack_featured_media_url":"https:\/\/atecordoba.org\/wp-content\/uploads\/2020\/05\/logo-nuevochico-e1561581322808.png","_links":{"self":[{"href":"https:\/\/atecordoba.org\/index.php?rest_route=\/wp\/v2\/posts\/8778","targetHints":{"allow":["GET"]}}],"collection":[{"href":"https:\/\/atecordoba.org\/index.php?rest_route=\/wp\/v2\/posts"}],"about":[{"href":"https:\/\/atecordoba.org\/index.php?rest_route=\/wp\/v2\/types\/post"}],"author":[{"embeddable":true,"href":"https:\/\/atecordoba.org\/index.php?rest_route=\/wp\/v2\/users\/1"}],"replies":[{"embeddable":true,"href":"https:\/\/atecordoba.org\/index.php?rest_route=%2Fwp%2Fv2%2Fcomments&post=8778"}],"version-history":[{"count":0,"href":"https:\/\/atecordoba.org\/index.php?rest_route=\/wp\/v2\/posts\/8778\/revisions"}],"wp:featuredmedia":[{"embeddable":true,"href":"https:\/\/atecordoba.org\/index.php?rest_route=\/wp\/v2\/media\/19220"}],"wp:attachment":[{"href":"https:\/\/atecordoba.org\/index.php?rest_route=%2Fwp%2Fv2%2Fmedia&parent=8778"}],"wp:term":[{"taxonomy":"category","embeddable":true,"href":"https:\/\/atecordoba.org\/index.php?rest_route=%2Fwp%2Fv2%2Fcategories&post=8778"},{"taxonomy":"post_tag","embeddable":true,"href":"https:\/\/atecordoba.org\/index.php?rest_route=%2Fwp%2Fv2%2Ftags&post=8778"}],"curies":[{"name":"wp","href":"https:\/\/api.w.org\/{rel}","templated":true}]}}