{"id":8771,"date":"2017-07-04T11:42:35","date_gmt":"2017-07-04T14:42:35","guid":{"rendered":"http:\/\/www.atecordoba.org\/?p=8771"},"modified":"2017-07-04T11:42:35","modified_gmt":"2017-07-04T14:42:35","slug":"formacion-manana-comenzara-el-segundo-modulo-del-taller-de-salud-laboral","status":"publish","type":"post","link":"https:\/\/atecordoba.org\/?p=8771","title":{"rendered":"Formaci\u00f3n: ma\u00f1ana comenzar\u00e1 el segundo m\u00f3dulo del taller de salud laboral"},"content":{"rendered":"<p><em>Bajo las consigna \u201cpara no enfermar ni morir en el trabajo\u201d la Secretar\u00eda de Formaci\u00f3n del CDP &nbsp;realizar\u00e1&nbsp;<span id=\"OBJ_PREFIX_DWT127_com_zimbra_date\" class=\"Object\"><span id=\"OBJ_PREFIX_DWT134_com_zimbra_date\" class=\"Object\">ma\u00f1ana<\/span><\/span>&nbsp;<span id=\"OBJ_PREFIX_DWT135_com_zimbra_date\" class=\"Object\">mi<\/span>\u00e9rcoles&nbsp;<span id=\"OBJ_PREFIX_DWT128_com_zimbra_date\" class=\"Object\"><span id=\"OBJ_PREFIX_DWT136_com_zimbra_date\" class=\"Object\">5 de julio<\/span><\/span>&nbsp;una capacitaci\u00f3n en &nbsp;para trabajadores estatales nacionales, provinciales y municipales.<\/em><\/p>\n<p>&nbsp;<\/p>\n<p><img loading=\"lazy\" decoding=\"async\" class=\"aligncenter size-full wp-image-8775\" src=\"http:\/\/www.atecordoba.org\/wp-content\/uploads\/2017\/07\/Afiche_taller_formaci_n_5_y_6_julio_2017-1-e1499187496225.jpg\" alt=\"\" width=\"550\" height=\"778\"><\/p>\n<p>La jornada estar\u00e1 a cargo de los compa\u00f1eros Viviana Cefarelli &nbsp;y Oscar Mart\u00ednez, del Taller de Estudios Laborales que ya dict\u00f3 el&nbsp;<span id=\"OBJ_PREFIX_DWT129_com_zimbra_url\" class=\"Object\"><span id=\"OBJ_PREFIX_DWT137_com_zimbra_url\" class=\"Object\"><a href=\"http:\/\/www.atecordoba.org\/archivos\/8319\" target=\"_blank\" rel=\"noopener noreferrer\">primer curso&nbsp;<\/a><\/span><\/span>en marzo pasado, y se realizar\u00e1 en el horario de 10 a &nbsp;13 y de 14 a 17.&nbsp;<\/p>\n<p>En tanto, la segunda parte del m\u00f3dulo 2 se reprogramar\u00e1 para el mes de agosto, debido a que el&nbsp;<span id=\"OBJ_PREFIX_DWT138_com_zimbra_date\" class=\"Object-active\">jueves<\/span>&nbsp;<span id=\"OBJ_PREFIX_DWT130_com_zimbra_date\" class=\"Object\"><span id=\"OBJ_PREFIX_DWT139_com_zimbra_date\" class=\"Object\">6 de julio<\/span><\/span>&nbsp;es asueto en la ciudad de C\u00f3rdoba.<\/p>\n<p>Las tem\u00e1ticas a tratar son: concepto e identificaci\u00f3n de riesgos; concepto de procesos peligrosos; an\u00e1lisis de riesgos en lugares de trabajo; el mapa riesgos; accidentes de trabajo, prevenci\u00f3n y an\u00e1lisis de accidentes; el m\u00e9todo del \u00c1rbol de causas.<\/p>\n<p>Vale recordar que&nbsp;el&nbsp;<span id=\"OBJ_PREFIX_DWT131_com_zimbra_date\" class=\"Object\"><span id=\"OBJ_PREFIX_DWT140_com_zimbra_date\" class=\"Object\">08 de junio<\/span><\/span>&nbsp;no se realiz\u00f3 el m\u00f3dulo programado pues en ese momento se realizaba el paro de transporte de los delegados de UTA.&nbsp;<\/p>\n<p>Para m\u00e1s informaci\u00f3n, los interesados pueden comunicarse con<span id=\"OBJ_PREFIX_DWT132_ZmEmailObjectHandler\" class=\"Object\"><span id=\"OBJ_PREFIX_DWT141_ZmEmailObjectHandler\" class=\"Object\">josema.gorozo@gmail.com<\/span><\/span>&nbsp;<\/p>\n","protected":false},"excerpt":{"rendered":"<p>Bajo las consigna \u201cpara no enfermar ni morir en el trabajo\u201d la Secretar\u00eda de Formaci\u00f3n del CDP &nbsp;realizar\u00e1&nbsp;ma\u00f1ana&nbsp;mi\u00e9rcoles&nbsp;5 de julio&nbsp;una capacitaci\u00f3n en &nbsp;para trabajadores estatales nacionales, provinciales y municipales. &nbsp; La jornada estar\u00e1 a cargo de los compa\u00f1eros Viviana Cefarelli &nbsp;y Oscar Mart\u00ednez, del Taller de Estudios Laborales que ya dict\u00f3 el&nbsp;primer curso&nbsp;en marzo pasado, [&hellip;]<\/p>\n","protected":false},"author":1,"featured_media":19220,"comment_status":"open","ping_status":"open","sticky":false,"template":"","format":"standard","meta":{"_exactmetrics_skip_tracking":false,"_exactmetrics_sitenote_active":false,"_exactmetrics_sitenote_note":"","_exactmetrics_sitenote_category":0,"jnews-multi-image_gallery":[],"jnews_single_post":[],"jnews_primary_category":[],"jnews_social_meta":[],"jnews_review":[],"enable_review":"","type":"","name":"","summary":"","brand":"","sku":"","good":[],"bad":[],"score_override":"","override_value":"","rating":[],"price":[],"jnews_override_counter":[],"jnews_post_split":[],"footnotes":""},"categories":[88],"tags":[],"class_list":["post-8771","post","type-post","status-publish","format-standard","has-post-thumbnail","hentry","category-formacion"],"jetpack_featured_media_url":"https:\/\/atecordoba.org\/wp-content\/uploads\/2020\/05\/logo-nuevochico-e1561581322808.png","_links":{"self":[{"href":"https:\/\/atecordoba.org\/index.php?rest_route=\/wp\/v2\/posts\/8771","targetHints":{"allow":["GET"]}}],"collection":[{"href":"https:\/\/atecordoba.org\/index.php?rest_route=\/wp\/v2\/posts"}],"about":[{"href":"https:\/\/atecordoba.org\/index.php?rest_route=\/wp\/v2\/types\/post"}],"author":[{"embeddable":true,"href":"https:\/\/atecordoba.org\/index.php?rest_route=\/wp\/v2\/users\/1"}],"replies":[{"embeddable":true,"href":"https:\/\/atecordoba.org\/index.php?rest_route=%2Fwp%2Fv2%2Fcomments&post=8771"}],"version-history":[{"count":0,"href":"https:\/\/atecordoba.org\/index.php?rest_route=\/wp\/v2\/posts\/8771\/revisions"}],"wp:featuredmedia":[{"embeddable":true,"href":"https:\/\/atecordoba.org\/index.php?rest_route=\/wp\/v2\/media\/19220"}],"wp:attachment":[{"href":"https:\/\/atecordoba.org\/index.php?rest_route=%2Fwp%2Fv2%2Fmedia&parent=8771"}],"wp:term":[{"taxonomy":"category","embeddable":true,"href":"https:\/\/atecordoba.org\/index.php?rest_route=%2Fwp%2Fv2%2Fcategories&post=8771"},{"taxonomy":"post_tag","embeddable":true,"href":"https:\/\/atecordoba.org\/index.php?rest_route=%2Fwp%2Fv2%2Ftags&post=8771"}],"curies":[{"name":"wp","href":"https:\/\/api.w.org\/{rel}","templated":true}]}}