{"id":8763,"date":"2017-07-03T14:45:03","date_gmt":"2017-07-03T17:45:03","guid":{"rendered":"http:\/\/www.atecordoba.org\/?p=8763"},"modified":"2017-07-03T14:45:03","modified_gmt":"2017-07-03T17:45:03","slug":"ate-llevo-el-debate-sobre-la-salud-publica-a-la-plaza-san-martin","status":"publish","type":"post","link":"https:\/\/atecordoba.org\/?p=8763","title":{"rendered":"ATE llev\u00f3 el debate sobre la salud p\u00fablica a la Plaza San Mart\u00edn"},"content":{"rendered":"<p><em>El Departamento de Salud del Consejo Directivo Provincial organiz\u00f3 una jornada denominada &#8220;Cabildeo Abierto de la Salud&#8221; para participar a la comunidad sobre el estado de los hospitales provinciales.<\/em><\/p>\n<p><img loading=\"lazy\" decoding=\"async\" class=\"aligncenter size-full wp-image-8768\" src=\"http:\/\/www.atecordoba.org\/wp-content\/uploads\/2017\/06\/20170630_134245-e1498848273989.jpg\" alt=\"\" width=\"550\" height=\"309\"><\/p>\n<p>Se trata de una convocatoria p\u00fablica para expresar el rechazo al proyecto de Cobertura Universal de Salud (CUS), que el gobierno de Macri pretende imponer en la gesti\u00f3n de los hospitales p\u00fablicos. &#8220;Es lisa y llanamente&nbsp; la privatizaci\u00f3n de los hospitales p\u00fablicos. Con un carnet para pobres que cubrir\u00e1 una canasta b\u00e1sica que no servir\u00e1 para nada&#8221;, explic\u00f3 Fernando Castro del Departamento de Salud.<\/p>\n<p><img loading=\"lazy\" decoding=\"async\" class=\"aligncenter size-full wp-image-8765\" src=\"http:\/\/www.atecordoba.org\/wp-content\/uploads\/2017\/06\/20170630_130654-e1498848292853.jpg\" alt=\"\" width=\"550\" height=\"309\"><\/p>\n<p>En la oportunidad estuvieron presentes la secretaria General del CDP, Mar\u00eda Liliana Salerno, el Administrativo Walter Secondino, Gremial, Diego Guerra, de Prensa Daniel Pawluchuzk, de Acci\u00f3n Social, Miriam Martino, de Interior Alejandro Mur\u00faa y de Finanzas Mar\u00eda Palomeque, junto al integrante del Centro de Jubilados Nacional de ATE, Oscar Mengarelli.<\/p>\n<p>Los trabajadores volantearon material documental que explica la situaci\u00f3n de los hospitales y las demandas de los trabajadores.&nbsp;<\/p>\n<p><img loading=\"lazy\" decoding=\"async\" class=\"aligncenter size-full wp-image-8767\" src=\"http:\/\/www.atecordoba.org\/wp-content\/uploads\/2017\/06\/20170630_134027-e1498848313599.jpg\" alt=\"\" width=\"550\" height=\"309\"><\/p>\n<p>&#8220;Respecto a la pol\u00edtica de la provincia queremos denunciar el estado calamitoso de los hospitales, empezando por la falta de recursos humanos. Ayer estuvimos con los compa\u00f1eros del hospital de ni\u00f1os y en la divisi\u00f3n de diabetes, con 350 pacientes, no tienen el personal para atenderlos. Esta situaci\u00f3n se traslada al resto de los servicios que tienen una falta enorme de personal. Tambi\u00e9n hay escasez de medicamentos&#8221;, agreg\u00f3 Castro.<\/p>\n<p><img loading=\"lazy\" decoding=\"async\" class=\"aligncenter size-full wp-image-8766\" src=\"http:\/\/www.atecordoba.org\/wp-content\/uploads\/2017\/06\/20170630_130814-e1498848333552.jpg\" alt=\"\" width=\"550\" height=\"309\"><\/p>\n<p>Y finaliz\u00f3: &#8220;la decisi\u00f3n es salir es tomar contacto de la comunidad para hacer p\u00fablico este estado de situaci\u00f3n que se lleva puesta la salud p\u00fablica. Pensamos trasladar la iniciativa al interior provincial&#8221;.<\/p>\n<p>&nbsp;<\/p>\n","protected":false},"excerpt":{"rendered":"<p>El Departamento de Salud del Consejo Directivo Provincial organiz\u00f3 una jornada denominada &#8220;Cabildeo Abierto de la Salud&#8221; para participar a la comunidad sobre el estado de los hospitales provinciales. Se trata de una convocatoria p\u00fablica para expresar el rechazo al proyecto de Cobertura Universal de Salud (CUS), que el gobierno de Macri pretende imponer en [&hellip;]<\/p>\n","protected":false},"author":1,"featured_media":19220,"comment_status":"open","ping_status":"open","sticky":false,"template":"","format":"standard","meta":{"_exactmetrics_skip_tracking":false,"_exactmetrics_sitenote_active":false,"_exactmetrics_sitenote_note":"","_exactmetrics_sitenote_category":0,"jnews-multi-image_gallery":[],"jnews_single_post":[],"jnews_primary_category":[],"jnews_social_meta":[],"jnews_review":[],"enable_review":"","type":"","name":"","summary":"","brand":"","sku":"","good":[],"bad":[],"score_override":"","override_value":"","rating":[],"price":[],"jnews_override_counter":[],"jnews_post_split":[],"footnotes":""},"categories":[102],"tags":[],"class_list":["post-8763","post","type-post","status-publish","format-standard","has-post-thumbnail","hentry","category-salud-2"],"jetpack_featured_media_url":"https:\/\/atecordoba.org\/wp-content\/uploads\/2020\/05\/logo-nuevochico-e1561581322808.png","_links":{"self":[{"href":"https:\/\/atecordoba.org\/index.php?rest_route=\/wp\/v2\/posts\/8763","targetHints":{"allow":["GET"]}}],"collection":[{"href":"https:\/\/atecordoba.org\/index.php?rest_route=\/wp\/v2\/posts"}],"about":[{"href":"https:\/\/atecordoba.org\/index.php?rest_route=\/wp\/v2\/types\/post"}],"author":[{"embeddable":true,"href":"https:\/\/atecordoba.org\/index.php?rest_route=\/wp\/v2\/users\/1"}],"replies":[{"embeddable":true,"href":"https:\/\/atecordoba.org\/index.php?rest_route=%2Fwp%2Fv2%2Fcomments&post=8763"}],"version-history":[{"count":0,"href":"https:\/\/atecordoba.org\/index.php?rest_route=\/wp\/v2\/posts\/8763\/revisions"}],"wp:featuredmedia":[{"embeddable":true,"href":"https:\/\/atecordoba.org\/index.php?rest_route=\/wp\/v2\/media\/19220"}],"wp:attachment":[{"href":"https:\/\/atecordoba.org\/index.php?rest_route=%2Fwp%2Fv2%2Fmedia&parent=8763"}],"wp:term":[{"taxonomy":"category","embeddable":true,"href":"https:\/\/atecordoba.org\/index.php?rest_route=%2Fwp%2Fv2%2Fcategories&post=8763"},{"taxonomy":"post_tag","embeddable":true,"href":"https:\/\/atecordoba.org\/index.php?rest_route=%2Fwp%2Fv2%2Ftags&post=8763"}],"curies":[{"name":"wp","href":"https:\/\/api.w.org\/{rel}","templated":true}]}}