{"id":8757,"date":"2017-06-30T11:04:07","date_gmt":"2017-06-30T14:04:07","guid":{"rendered":"http:\/\/www.atecordoba.org\/?p=8757"},"modified":"2017-06-30T11:04:07","modified_gmt":"2017-06-30T14:04:07","slug":"crisis-ate-villa-maria-constituyo-un-espacio-de-debate-con-organizaciones-sociales","status":"publish","type":"post","link":"https:\/\/atecordoba.org\/?p=8757","title":{"rendered":"Crisis: ATE Villa Mar\u00eda constituy\u00f3 un espacio de debate con organizaciones sociales"},"content":{"rendered":"<p><em>Se denomin\u00f3 &#8216;Vecinos por la Dignidad, espacio de di\u00e1logo y coordinaci\u00f3n para afrontar la crisis que vivimos&#8217; y participan ATE y CTA, la CGT local, judiciales y la federaci\u00f3n universitaria.<\/em><\/p>\n<p>&nbsp;<img loading=\"lazy\" decoding=\"async\" class=\"aligncenter size-full wp-image-8760\" src=\"http:\/\/www.atecordoba.org\/wp-content\/uploads\/2017\/06\/WhatsApp-Image-2017-06-29-at-16.03.46-1-e1498831303807.jpeg\" alt=\"\" width=\"550\" height=\"367\"><\/p>\n<p>El pasado mi\u00e9rcoles 28 se reunieron en la sede de ATE vecinos y vecinas de Villa Mar\u00eda y Villa Nueva provenientes de diversas organizaciones gremiales, sociales y universitarias de la regi\u00f3n, a fin de evaluar la situaci\u00f3n que est\u00e1 atravesando la ciudadan\u00eda local en relaci\u00f3n a la p\u00e9rdida de fuentes laborales, derechos sociales, salario, entre otros asuntos.<\/p>\n<p>Entre los presentes destacamos la presencia de Fernando Mercado y Jorge Heredia (secretarios General&nbsp;y Gremial de ATE Villa Mar\u00eda, respectivamente), Edgardo Garmendia (Secretario General de CGT Villa Mar\u00eda), Marco Ayesa (Presidente de la Federaci\u00f3n Universitaria de Villa Mar\u00eda), Oscar Mengarelli (dirigente jubilado de CTA y ATE), Guadalupe Vazquez (Secretaria General del gremio de Judiciales Villa Mar\u00eda), junto a una decena de activistas y vecinos de la ciudad.<\/p>\n<p><img loading=\"lazy\" decoding=\"async\" class=\"aligncenter size-full wp-image-8759\" src=\"http:\/\/www.atecordoba.org\/wp-content\/uploads\/2017\/06\/WhatsApp-Image-2017-06-29-at-16.03.45-e1498831323781.jpeg\" alt=\"\" width=\"550\" height=\"367\"><\/p>\n<p>El diagn\u00f3stico realizado arroj\u00f3 un balance negativo en relaci\u00f3n a la crisis que est\u00e1n atravesando los distintos sectores de la ciudad, como es el caso del estancamiento de la actividad de la f\u00e1brica de p\u00f3lvora (junto a la amenaza de m\u00e1s de 100 despidos para este a\u00f1o), los recortes en los medicamentos brindados por el PAMI, los recortes a las pensiones para discapacitados, la reducci\u00f3n de personal en ANSES, la par\u00e1lisis y despidos en comercio, las bajas en las becas universitarias como el PROGRESAR, entre otros temas.<\/p>\n<p>A partir de este escenario, se evalu\u00f3 que era necesario generar mayor conciencia en los vecinos que se encuentran desmovilizados en sus hogares soportando individualmente los efectos de esta crisis. Para avanzar en este sentido, surgi\u00f3 la propuesta de conformar un espacio de di\u00e1logo y coordinaci\u00f3n conjunta denominado \u201cVecinos por la Dignidad\u201d, el cu\u00e1l planificar\u00e1, como primeras acciones, un locro y pe\u00f1a solidaria, una feria popular de productores y emprendedores, y otras demostraciones para sensibilizar a la sociedad en torno a las problem\u00e1ticas que atraviesan los distintos individuos de la ciudad.<\/p>\n<p>&nbsp;<\/p>\n<p>Para la pr\u00f3xima reuni\u00f3n, con fecha y hora a confirmar, se invit\u00f3 a todos los vecinos y organizaciones sociales a sumar sus esfuerzos y voluntades a fin de encontrar soluciones comunes a los problemas de todos.<\/p>\n","protected":false},"excerpt":{"rendered":"<p>Se denomin\u00f3 &#8216;Vecinos por la Dignidad, espacio de di\u00e1logo y coordinaci\u00f3n para afrontar la crisis que vivimos&#8217; y participan ATE y CTA, la CGT local, judiciales y la federaci\u00f3n universitaria. &nbsp; El pasado mi\u00e9rcoles 28 se reunieron en la sede de ATE vecinos y vecinas de Villa Mar\u00eda y Villa Nueva provenientes de diversas organizaciones [&hellip;]<\/p>\n","protected":false},"author":1,"featured_media":19220,"comment_status":"open","ping_status":"open","sticky":false,"template":"","format":"standard","meta":{"_exactmetrics_skip_tracking":false,"_exactmetrics_sitenote_active":false,"_exactmetrics_sitenote_note":"","_exactmetrics_sitenote_category":0,"jnews-multi-image_gallery":[],"jnews_single_post":[],"jnews_primary_category":[],"jnews_social_meta":[],"jnews_review":[],"enable_review":"","type":"","name":"","summary":"","brand":"","sku":"","good":[],"bad":[],"score_override":"","override_value":"","rating":[],"price":[],"jnews_override_counter":[],"jnews_post_split":[],"footnotes":""},"categories":[10,14],"tags":[],"class_list":["post-8757","post","type-post","status-publish","format-standard","has-post-thumbnail","hentry","category-accion-politica","category-villa-maria"],"jetpack_featured_media_url":"https:\/\/atecordoba.org\/wp-content\/uploads\/2020\/05\/logo-nuevochico-e1561581322808.png","_links":{"self":[{"href":"https:\/\/atecordoba.org\/index.php?rest_route=\/wp\/v2\/posts\/8757","targetHints":{"allow":["GET"]}}],"collection":[{"href":"https:\/\/atecordoba.org\/index.php?rest_route=\/wp\/v2\/posts"}],"about":[{"href":"https:\/\/atecordoba.org\/index.php?rest_route=\/wp\/v2\/types\/post"}],"author":[{"embeddable":true,"href":"https:\/\/atecordoba.org\/index.php?rest_route=\/wp\/v2\/users\/1"}],"replies":[{"embeddable":true,"href":"https:\/\/atecordoba.org\/index.php?rest_route=%2Fwp%2Fv2%2Fcomments&post=8757"}],"version-history":[{"count":0,"href":"https:\/\/atecordoba.org\/index.php?rest_route=\/wp\/v2\/posts\/8757\/revisions"}],"wp:featuredmedia":[{"embeddable":true,"href":"https:\/\/atecordoba.org\/index.php?rest_route=\/wp\/v2\/media\/19220"}],"wp:attachment":[{"href":"https:\/\/atecordoba.org\/index.php?rest_route=%2Fwp%2Fv2%2Fmedia&parent=8757"}],"wp:term":[{"taxonomy":"category","embeddable":true,"href":"https:\/\/atecordoba.org\/index.php?rest_route=%2Fwp%2Fv2%2Fcategories&post=8757"},{"taxonomy":"post_tag","embeddable":true,"href":"https:\/\/atecordoba.org\/index.php?rest_route=%2Fwp%2Fv2%2Ftags&post=8757"}],"curies":[{"name":"wp","href":"https:\/\/api.w.org\/{rel}","templated":true}]}}