{"id":8749,"date":"2017-06-29T12:46:41","date_gmt":"2017-06-29T15:46:41","guid":{"rendered":"http:\/\/www.atecordoba.org\/?p=8749"},"modified":"2020-07-02T11:34:50","modified_gmt":"2020-07-02T14:34:50","slug":"ate-logro-la-incorporacion-de-anac-al-convenio-de-la-administracion-publica","status":"publish","type":"post","link":"https:\/\/atecordoba.org\/?p=8749","title":{"rendered":"ATE logr\u00f3 la incorporaci\u00f3n de ANAC al convenio de la administraci\u00f3n p\u00fablica"},"content":{"rendered":"<p><em>ATE logr\u00f3 la incorporaci\u00f3n de ANAC al convenio de la administraci\u00f3n p\u00fablica. Representantes de C\u00f3rdoba estuvieron presentes.<\/em><\/p>\n<p><img loading=\"lazy\" decoding=\"async\" class=\"aligncenter size-full wp-image-8750\" src=\"http:\/\/www.atecordoba.org\/wp-content\/uploads\/2017\/06\/464901c3f498cf0567c51df128c63558_m-e1498751101851.jpg\" alt=\"\" width=\"550\" height=\"367\"><\/p>\n<p>Ayer, la coordinaci\u00f3n nacional de ATE ANAC&nbsp;fue convocada a paritaria nacional para sellar su incorporaci\u00f3n al convenio 214 de la administraci\u00f3n p\u00fablica. La reuni\u00f3n se realiz\u00f3 en el Ministerio de Trabajo, en la sede de 25 de mayo al 600. &nbsp;Silvia Le\u00f3n, Secretaria de Organizaci\u00f3n de ATE Nacional, integr\u00f3 la comisi\u00f3n negociadora y calific\u00f3 la resoluci\u00f3n como un \u201checho pol\u00edtico muy importante\u201d.&nbsp;<\/p>\n<p>\u201cDesde ATE y ANAC venimos peleando desde hace muchos a\u00f1os por la incorporaci\u00f3n de los compa\u00f1eros y compa\u00f1eras de la ANAC al 214\u201d, expres\u00f3.<\/p>\n<p><img loading=\"lazy\" decoding=\"async\" class=\"aligncenter size-full wp-image-8752\" src=\"http:\/\/www.atecordoba.org\/wp-content\/uploads\/2017\/06\/10007_5189-e1498751127915.jpg\" alt=\"\" width=\"550\" height=\"367\"><\/p>\n<p>Tambi\u00e9n estuvieron presentes&nbsp; Javier Herrera, de la Coordinaci\u00f3n de ANAC NEA; Marcelo Belelli, de Provincia de Buenos Aires; Edith Innamorato, de C\u00f3rdoba; Fernando Gatica, de Cuyo; Juan Lucero, de la regi\u00f3n Sur y Pablo Retamar, de la regi\u00f3n Centro. Asimismo, la abogada de ATE, Mariana Martino presenci\u00f3 la negociaci\u00f3n.<\/p>\n<p>Belelli, por su parte, explic\u00f3: \u201cEs un logro muy importante porque entendemos que esta medida es el paso previo para que los trabajadores de ANAC podamos tener un plan de carrera y un Convenio Colectivo de Trabajo del sector\u201d.<\/p>\n<p>Adem\u00e1s, subray\u00f3 que al incorporarse el organismo a la administraci\u00f3n p\u00fablica se pone un freno a la tercerizaci\u00f3n de sus funciones y a la precarizaci\u00f3n de sus trabajadores. &nbsp;Y agreg\u00f3 que \u201ces fundamental para combatir la inacci\u00f3n y la falta de gesti\u00f3n que atraviesa hoy la ANAC\u201d.<\/p>\n<p><img loading=\"lazy\" decoding=\"async\" class=\"aligncenter size-full wp-image-8751\" src=\"http:\/\/www.atecordoba.org\/wp-content\/uploads\/2017\/06\/10007_5190-e1498751159867.jpg\" alt=\"\" width=\"550\" height=\"367\"><\/p>\n<p>Al concluir la reuni\u00f3n, Le\u00f3n destac\u00f3: \u201cLa medida marca una esperanza de que con la organizaci\u00f3n, la convicci\u00f3n y la perseverancia en la defensa de las y los trabajadores vamos a poder estar trabajando y concretando, en los pr\u00f3ximos meses, un Convenio Colectivo de Trabajo para los trabajadores de la ANAC\u201d.<\/p>\n<p>&nbsp;<\/p>\n","protected":false},"excerpt":{"rendered":"<p>ATE logr\u00f3 la incorporaci\u00f3n de ANAC al convenio de la administraci\u00f3n p\u00fablica. Representantes de C\u00f3rdoba estuvieron presentes. Ayer, la coordinaci\u00f3n nacional de ATE ANAC&nbsp;fue convocada a paritaria nacional para sellar su incorporaci\u00f3n al convenio 214 de la administraci\u00f3n p\u00fablica. La reuni\u00f3n se realiz\u00f3 en el Ministerio de Trabajo, en la sede de 25 de mayo [&hellip;]<\/p>\n","protected":false},"author":1,"featured_media":19220,"comment_status":"open","ping_status":"open","sticky":false,"template":"","format":"standard","meta":{"_exactmetrics_skip_tracking":false,"_exactmetrics_sitenote_active":false,"_exactmetrics_sitenote_note":"","_exactmetrics_sitenote_category":0,"jnews-multi-image_gallery":[],"jnews_single_post":[],"jnews_primary_category":[],"jnews_social_meta":[],"jnews_review":[],"enable_review":"","type":"","name":"","summary":"","brand":"","sku":"","good":[],"bad":[],"score_override":"","override_value":"","rating":[],"price":[],"jnews_override_counter":[],"jnews_post_split":[],"footnotes":""},"categories":[18],"tags":[33,347],"class_list":["post-8749","post","type-post","status-publish","format-standard","has-post-thumbnail","hentry","category-nacionales","tag-anac","tag-movimiento-aeronautico-cordobes-mac"],"jetpack_featured_media_url":"https:\/\/atecordoba.org\/wp-content\/uploads\/2020\/05\/logo-nuevochico-e1561581322808.png","_links":{"self":[{"href":"https:\/\/atecordoba.org\/index.php?rest_route=\/wp\/v2\/posts\/8749","targetHints":{"allow":["GET"]}}],"collection":[{"href":"https:\/\/atecordoba.org\/index.php?rest_route=\/wp\/v2\/posts"}],"about":[{"href":"https:\/\/atecordoba.org\/index.php?rest_route=\/wp\/v2\/types\/post"}],"author":[{"embeddable":true,"href":"https:\/\/atecordoba.org\/index.php?rest_route=\/wp\/v2\/users\/1"}],"replies":[{"embeddable":true,"href":"https:\/\/atecordoba.org\/index.php?rest_route=%2Fwp%2Fv2%2Fcomments&post=8749"}],"version-history":[{"count":1,"href":"https:\/\/atecordoba.org\/index.php?rest_route=\/wp\/v2\/posts\/8749\/revisions"}],"predecessor-version":[{"id":20550,"href":"https:\/\/atecordoba.org\/index.php?rest_route=\/wp\/v2\/posts\/8749\/revisions\/20550"}],"wp:featuredmedia":[{"embeddable":true,"href":"https:\/\/atecordoba.org\/index.php?rest_route=\/wp\/v2\/media\/19220"}],"wp:attachment":[{"href":"https:\/\/atecordoba.org\/index.php?rest_route=%2Fwp%2Fv2%2Fmedia&parent=8749"}],"wp:term":[{"taxonomy":"category","embeddable":true,"href":"https:\/\/atecordoba.org\/index.php?rest_route=%2Fwp%2Fv2%2Fcategories&post=8749"},{"taxonomy":"post_tag","embeddable":true,"href":"https:\/\/atecordoba.org\/index.php?rest_route=%2Fwp%2Fv2%2Ftags&post=8749"}],"curies":[{"name":"wp","href":"https:\/\/api.w.org\/{rel}","templated":true}]}}