{"id":8745,"date":"2017-06-26T15:55:30","date_gmt":"2017-06-26T18:55:30","guid":{"rendered":"http:\/\/www.atecordoba.org\/?p=8745"},"modified":"2017-06-26T15:55:30","modified_gmt":"2017-06-26T18:55:30","slug":"ate-saluda-a-los-todos-estatales-en-su-dia","status":"publish","type":"post","link":"https:\/\/atecordoba.org\/?p=8745","title":{"rendered":"ATE saluda a los todos estatales en su d\u00eda"},"content":{"rendered":"<p><em>El Consejo Directivo Provincial env\u00eda un c\u00e1lido y fraternal saludos a todos los estatales con motivo de celebrarse ma\u00f1ana 27 de junio el D\u00eda del Trabajador del Estado.<\/em><\/p>\n<p><img loading=\"lazy\" decoding=\"async\" class=\"aligncenter size-full wp-image-8746\" src=\"http:\/\/www.atecordoba.org\/wp-content\/uploads\/2017\/06\/27-de-junio.jpg\" alt=\"\" width=\"400\" height=\"556\"><\/p>\n<p>En momentos duros como los que atravesamos en la actualidad desde ATE creemos importante resaltar el orgullo de ser trabajador estatal, m\u00e1s all\u00e1 del gobierno de turno. La historia nos ense\u00f1a que los trabajadores siempre estamos mientras los administradores pasan, y algunos incluso dejan un triste registro de su paso.<\/p>\n<p>Vale recordar que la celebraci\u00f3n de ma\u00f1ana tiene alcance y jurisdicci\u00f3n nacional, tanto sea para la administraci\u00f3n central como los organismos descentralizados. Ante situaciones donde la patronal se niegue a reconocer esta jornada de festejo y descanso, con asueto, ATE har\u00e1 valer la ley, que no puede ser desconocida.<\/p>\n<p><strong>Un poco de historia<\/strong><\/p>\n<p>El 27 de junio de 1978 la Organizaci\u00f3n Internacional del Trabajo (OIT), en su 64\u00b0 reuni\u00f3n, dict\u00f3 los convenios 151 y 154, por los que se les aseguraba a los trabajadores dependientes de los Estados su derecho a constituir organizaciones sindicales y a negociar sus intereses por el sistema de convenios colectivos de trabajo.<\/p>\n<p>A partir de ah\u00ed, y ya han pasado m\u00e1s de de treinta a\u00f1os, las luchas llevadas adelante por los trabajadores estatales del mundo han sido firmes y cotidianas en pos de lograr los objetivos expresados en este convenio internacional: En primera instancia que los Parlamentos de los pa\u00edses miembro de OIT lo ratificaran y despu\u00e9s que los Estados los pusieran en vigencia. Los estatales conocemos la experiencia en nuestro pa\u00eds y lo que sucede en los estados provinciales y municipales.<\/p>\n<p>El 11 de noviembre de 1992, y siendo autor de la misma nuestro compa\u00f1ero Germ\u00e1n Abdala, el Congreso Nacional sancion\u00f3 la ley 24,185. All\u00ed se estableci\u00f3 la ratificaci\u00f3n de los convenios internacionales y una ley de convenio colectivo de trabajo para los trabajadores del Estado Nacional. Esta ley ser\u00eda el marco futuro para las pr\u00f3ximas leyes que ratificar\u00edan la puesta en marcha de los convenios colectivos de trabajo.<\/p>\n<p>La organizaciones internacionales que nos nuclean declararon que el 27 de junio sea establecido como el D\u00eda de los Trabajadores del Estado, y que sea este un homenaje a la lucha por el derecho a sindicalizarse y al reconocimiento de a los convenios colectivos de trabajo.<\/p>\n<p>En Argentina, nuestra ATE tambi\u00e9n comenz\u00f3 a luchar por el reconocimiento de este d\u00eda como el nuestro. En primer lugar, nuestros cuerpos org\u00e1nicos del sindicato establecieron en el a\u00f1o 1985 que el 27 de junio sea conmemorado como nuestro d\u00eda en toda nuestra organizaci\u00f3n.<\/p>\n<p><strong>Aprobaci\u00f3n de la ley<\/strong><\/p>\n<p>Luego de presentar este reclamo en el a\u00f1o 2012 a todos los bloques de Diputados del Congreso Nacional, y por una iniciativa parlamentaria del Diputado Nacional V\u00edctor De Gennaro, logramos la sanci\u00f3n de la ley 26.876 que fuera aprobada en el Senado de la Naci\u00f3n el 3 de julio de 2013 y promulgada por decreto 1059 del Poder Ejecutivo de la Naci\u00f3n. Es decir que a partir de la sanci\u00f3n de esta Ley se establece en todo el territorio nacional el 27 de junio como el D\u00eda de los Trabajadores del Estado, d\u00eda que unifica a todos los trabajadores que prestan servicios en el mismo.<\/p>\n<p>El 27 de junio y esta ley ratifican dos conceptos para nosotros fundamentales: en primer lugar nuestro car\u00e1cter de trabajadores, somos esos trabajadores orgullosos de pertenecer a esa clase, de que se nos reconozca como tales. No somos empleados de los gobiernos de turno, somos Trabajadores del Estado. Tenemos, adem\u00e1s, derecho a organizar libremente nuestros sindicatos y el derecho a que nuestras condiciones de trabajo, salarios, ingresos, disciplina, carrera, no sea el resultado del capricho de ning\u00fan bur\u00f3crata o pol\u00edtico de turno, sino sea el acuerdo paritario expresado en nuestros convenios colectivos de trabajo.<\/p>\n<p>Cada 27 de junio ser\u00e1 un d\u00eda festivo, de conmemoraci\u00f3n, porque tenemos que festejar los pasos que hemos dado, nuestras conquistas, nuestras luchas, las derrotas que nos aplicaron las pol\u00edticas contrarias a los intereses de nuestro Pueblo, pero con la alegr\u00eda de saber que en unidad podremos superarnos y construir un Estado fuerte al servicio de nuestro Pueblo, a quien nosotros, los Trabajadores del Estado reconocemos como el destinatario de todo nuestro esfuerzo y saber.<\/p>\n<p style=\"text-align: right;\">Mar\u00eda Liliana Salerno<\/p>\n<p style=\"text-align: right;\">Secretaria General<\/p>\n","protected":false},"excerpt":{"rendered":"<p>El Consejo Directivo Provincial env\u00eda un c\u00e1lido y fraternal saludos a todos los estatales con motivo de celebrarse ma\u00f1ana 27 de junio el D\u00eda del Trabajador del Estado. En momentos duros como los que atravesamos en la actualidad desde ATE creemos importante resaltar el orgullo de ser trabajador estatal, m\u00e1s all\u00e1 del gobierno de turno. [&hellip;]<\/p>\n","protected":false},"author":1,"featured_media":19220,"comment_status":"open","ping_status":"open","sticky":false,"template":"","format":"standard","meta":{"_exactmetrics_skip_tracking":false,"_exactmetrics_sitenote_active":false,"_exactmetrics_sitenote_note":"","_exactmetrics_sitenote_category":0,"jnews-multi-image_gallery":[],"jnews_single_post":[],"jnews_primary_category":[],"jnews_social_meta":[],"jnews_review":[],"enable_review":"","type":"","name":"","summary":"","brand":"","sku":"","good":[],"bad":[],"score_override":"","override_value":"","rating":[],"price":[],"jnews_override_counter":[],"jnews_post_split":[],"footnotes":""},"categories":[10],"tags":[],"class_list":["post-8745","post","type-post","status-publish","format-standard","has-post-thumbnail","hentry","category-accion-politica"],"jetpack_featured_media_url":"https:\/\/atecordoba.org\/wp-content\/uploads\/2020\/05\/logo-nuevochico-e1561581322808.png","_links":{"self":[{"href":"https:\/\/atecordoba.org\/index.php?rest_route=\/wp\/v2\/posts\/8745","targetHints":{"allow":["GET"]}}],"collection":[{"href":"https:\/\/atecordoba.org\/index.php?rest_route=\/wp\/v2\/posts"}],"about":[{"href":"https:\/\/atecordoba.org\/index.php?rest_route=\/wp\/v2\/types\/post"}],"author":[{"embeddable":true,"href":"https:\/\/atecordoba.org\/index.php?rest_route=\/wp\/v2\/users\/1"}],"replies":[{"embeddable":true,"href":"https:\/\/atecordoba.org\/index.php?rest_route=%2Fwp%2Fv2%2Fcomments&post=8745"}],"version-history":[{"count":0,"href":"https:\/\/atecordoba.org\/index.php?rest_route=\/wp\/v2\/posts\/8745\/revisions"}],"wp:featuredmedia":[{"embeddable":true,"href":"https:\/\/atecordoba.org\/index.php?rest_route=\/wp\/v2\/media\/19220"}],"wp:attachment":[{"href":"https:\/\/atecordoba.org\/index.php?rest_route=%2Fwp%2Fv2%2Fmedia&parent=8745"}],"wp:term":[{"taxonomy":"category","embeddable":true,"href":"https:\/\/atecordoba.org\/index.php?rest_route=%2Fwp%2Fv2%2Fcategories&post=8745"},{"taxonomy":"post_tag","embeddable":true,"href":"https:\/\/atecordoba.org\/index.php?rest_route=%2Fwp%2Fv2%2Ftags&post=8745"}],"curies":[{"name":"wp","href":"https:\/\/api.w.org\/{rel}","templated":true}]}}