{"id":8741,"date":"2017-06-26T12:30:35","date_gmt":"2017-06-26T15:30:35","guid":{"rendered":"http:\/\/www.atecordoba.org\/?p=8741"},"modified":"2017-06-26T12:30:35","modified_gmt":"2017-06-26T15:30:35","slug":"reunion-del-equipo-de-coordinacion-nacional-de-ate-parques-nacionales","status":"publish","type":"post","link":"https:\/\/atecordoba.org\/?p=8741","title":{"rendered":"Reuni\u00f3n del Equipo de Coordinaci\u00f3n Nacional de ATE Parques Nacionales"},"content":{"rendered":"<p><em>Delegados de todo el pa\u00eds se juntaron a debatir el curso a seguir y luego se reunieron con funcionarios de la Administraci\u00f3n de Parques Nacionales.<\/em><\/p>\n<p><img loading=\"lazy\" decoding=\"async\" class=\"aligncenter size-full wp-image-8743\" src=\"http:\/\/www.atecordoba.org\/wp-content\/uploads\/2017\/06\/parques-delegados-e1498490874346.jpg\" alt=\"\" width=\"550\" height=\"366\"><\/p>\n<p>Los d\u00edas 21 y 22 de junio se llev\u00f3 a cabo, en la sede nacional del sindicato, una reuni\u00f3n del Equipo de Coordinaci\u00f3n Nacional de ATE Parques Nacionales. La misma se realiz\u00f3 exactamente un mes despu\u00e9s del fallecimiento del compa\u00f1ero y referente del sector, Eduardo Sotelo. La Secretaria de Organizaci\u00f3n de ATE Nacional valor\u00f3: \u201cseguir adelante con el trabajo de organizar a los trabajadores y trabajadoras del sector para luchar por sus derechos fue una buena forma de recordarlo y homenajearlo\u201d. Adem\u00e1s, el mismo d\u00eda 22, los Delegados se reunieron con Santiago Montanaro, Jefe de Gabinete de la Administraci\u00f3n de Parques Nacionales.<\/p>\n<p>Durante la reuni\u00f3n previa que tuvimos el mi\u00e9rcoles 21, de la que participaron el Secretario General de ATE, Hugo \u2018Cachorro\u2019 Godoy, la Secretaria de Organizaci\u00f3n, Silvia Le\u00f3n, y el compa\u00f1ero del equipo gremial, Dar\u00edo Orellano, se plantearon los lineamientos de un plan de crecimiento para ATE en el sector.<\/p>\n<p>\u201cEstamos elaborando una propuesta para incorporar en alg\u00fan marco normativo a los compa\u00f1eros brigadistas de incendios, que hoy est\u00e1n fuera de todo tipo de Convenio. Una vez terminada, la idea es compartir la propuesta con todos los trabajadores y trabajadoras de los Parques Nacionales del pa\u00eds para su debate y posterior presentaci\u00f3n a las autoridades de la APN\u201d, manifest\u00f3 Silvia Le\u00f3n, que luego continu\u00f3: \u201cTambi\u00e9n se habl\u00f3 de la necesidad de elegir delegados en los Parques donde todav\u00eda no los hay y se acord\u00f3 una pr\u00f3xima reuni\u00f3n del Equipo de Coordinaci\u00f3n Nacional para los primeros d\u00edas del mes de julio. All\u00ed se evaluar\u00e1 la respuesta a la reuni\u00f3n que mantuvimos al d\u00eda siguiente con el Jefe de Gabinete de la APN, si es que hay alguna\u201d.<\/p>\n<p>Respecto de la reuni\u00f3n con Santiago Montanaro, la Secretaria de Organizaci\u00f3n dijo: \u201cEste ya es el s\u00e9ptimo encuentro que realizamos con el Jefe de Gabinete de la APN desde que asumi\u00f3. Le volvimos a comunicar la situaci\u00f3n de descontento que hay entre los trabajadores y trabajadoras de Parques Nacionales, y le planteamos la urgencia que hay en avanzar sobre el pase a Planta Permanente de cerca de 200 compa\u00f1eros y compa\u00f1eras que tienen m\u00e1s de diez a\u00f1os de antig\u00fcedad. El Gobierno Nacional se hab\u00eda comprometido a realizar ese pase a planta en este a\u00f1o\u201d.<br \/>\n<img loading=\"lazy\" decoding=\"async\" class=\"aligncenter size-full wp-image-8742\" src=\"http:\/\/www.atecordoba.org\/wp-content\/uploads\/2017\/06\/parques-delegados-cachorro-godoy-e1498490910325.jpg\" alt=\"\" width=\"550\" height=\"365\"><\/p>\n<p>\u201cAdem\u00e1s le transmitimos al funcionario el fuerte descontento que hay entre los compa\u00f1eros de Parques por el reparto inequitativo y arbitrario del dinero que se paga a trav\u00e9s de Unidades Retributivas. Exigimos que nos explicaran cu\u00e1l hab\u00eda sido el criterio utilizado para repartir esos fondos. Ese dinero se paga en la APN cada cuatro meses como una suerte de adicional por fuera del salario b\u00e1sico. Sin embargo, esta vez se reparti\u00f3 mayoritariamente entre los funcionarios y en sumas muy cuantiosas. La respuesta por parte del Jefe de Gabinete fue que la decisi\u00f3n del destino de esos fondos era potestad del Presidente de la APN, Eugenio Br\u00e9ard. Por supuesto nosotros expresamos nuestro repudio a ese tipo de accionar y respuestas, y manifestamos que creemos que esos fondos deben ser repartidos entre todos los trabajadores y trabajadoras del sector, que adem\u00e1s deben ser tenidos en cuenta a la hora de tomar este tipo de decisiones\u201d, cont\u00f3 la dirigente nacional de ATE.<\/p>\n<p>Durante la reuni\u00f3n tambi\u00e9n se trataron temas como la situaci\u00f3n sin resolver de figuras extremadamente precarizadas como son los voluntarios rentados. \u201cHay todav\u00eda 14 compa\u00f1eros y compa\u00f1eras bajo esta modalidad que est\u00e1n realizando trabajos con horarios y tareas de trabajadores de planta\u201d, explic\u00f3 Le\u00f3n.<\/p>\n<p>\u201cY otro tema que sigue sin resoluci\u00f3n, y por el que ya hace m\u00e1s de un a\u00f1o presentamos el cuestionamiento, es el de la gesti\u00f3n del Intendente del Parque Nacional los Glaciares, Carlos Corval\u00e1n, que fue el Presidente de la APN en la gesti\u00f3n anterior. Hay numerosas denuncias hechas y un sumario iniciado hace un a\u00f1o, sin embargo este tema sigue sin una conclusi\u00f3n. Y en el sector sigue habiendo una clara persecuci\u00f3n gremial hacia los delegados y hacia los trabajadores que quieren organizarse para manifestar sus justos reclamos y reclamar por sus derechos. A algunos compa\u00f1eros y compa\u00f1eras les han sacado fotos cuando estaban en asamblea, y a algunos delegados los apartaron de sus hist\u00f3ricas funciones\u201d, expres\u00f3 con preocupaci\u00f3n la compa\u00f1era.<\/p>\n<p>Los delegados del Equipo de Coordinaci\u00f3n Nacional de ATE Parques Nacionales entonces le plantearon al funcionario que necesitaban alg\u00fan tipo de plazo de resoluci\u00f3n, caso contrario tendr\u00e1n que recurrir a organizar un plan de lucha con medidas de fuerza.<\/p>\n<p>\u201cPor \u00faltimo, tambi\u00e9n se le plante\u00f3 al funcionario el rechazo por parte de ATE al \u2018Adicional por Presentismo\u2019 porque entendemos que no es una medida que mejore la calidad del trabajo, ni que mejore la calidad de vida de los trabajadores y trabajadoras, sino todo lo contrario. Este tipo de medidas s\u00f3lo suman tensi\u00f3n y presi\u00f3n en los distintos lugares de trabajo\u201d, cerr\u00f3 Silvia Le\u00f3n.<\/p>\n","protected":false},"excerpt":{"rendered":"<p>Delegados de todo el pa\u00eds se juntaron a debatir el curso a seguir y luego se reunieron con funcionarios de la Administraci\u00f3n de Parques Nacionales. Los d\u00edas 21 y 22 de junio se llev\u00f3 a cabo, en la sede nacional del sindicato, una reuni\u00f3n del Equipo de Coordinaci\u00f3n Nacional de ATE Parques Nacionales. La misma [&hellip;]<\/p>\n","protected":false},"author":1,"featured_media":19220,"comment_status":"open","ping_status":"open","sticky":false,"template":"","format":"standard","meta":{"_exactmetrics_skip_tracking":false,"_exactmetrics_sitenote_active":false,"_exactmetrics_sitenote_note":"","_exactmetrics_sitenote_category":0,"jnews-multi-image_gallery":[],"jnews_single_post":[],"jnews_primary_category":[],"jnews_social_meta":[],"jnews_review":[],"enable_review":"","type":"","name":"","summary":"","brand":"","sku":"","good":[],"bad":[],"score_override":"","override_value":"","rating":[],"price":[],"jnews_override_counter":[],"jnews_post_split":[],"footnotes":""},"categories":[18,96],"tags":[],"class_list":["post-8741","post","type-post","status-publish","format-standard","has-post-thumbnail","hentry","category-nacionales","category-parques-nacionales-2"],"jetpack_featured_media_url":"https:\/\/atecordoba.org\/wp-content\/uploads\/2020\/05\/logo-nuevochico-e1561581322808.png","_links":{"self":[{"href":"https:\/\/atecordoba.org\/index.php?rest_route=\/wp\/v2\/posts\/8741","targetHints":{"allow":["GET"]}}],"collection":[{"href":"https:\/\/atecordoba.org\/index.php?rest_route=\/wp\/v2\/posts"}],"about":[{"href":"https:\/\/atecordoba.org\/index.php?rest_route=\/wp\/v2\/types\/post"}],"author":[{"embeddable":true,"href":"https:\/\/atecordoba.org\/index.php?rest_route=\/wp\/v2\/users\/1"}],"replies":[{"embeddable":true,"href":"https:\/\/atecordoba.org\/index.php?rest_route=%2Fwp%2Fv2%2Fcomments&post=8741"}],"version-history":[{"count":0,"href":"https:\/\/atecordoba.org\/index.php?rest_route=\/wp\/v2\/posts\/8741\/revisions"}],"wp:featuredmedia":[{"embeddable":true,"href":"https:\/\/atecordoba.org\/index.php?rest_route=\/wp\/v2\/media\/19220"}],"wp:attachment":[{"href":"https:\/\/atecordoba.org\/index.php?rest_route=%2Fwp%2Fv2%2Fmedia&parent=8741"}],"wp:term":[{"taxonomy":"category","embeddable":true,"href":"https:\/\/atecordoba.org\/index.php?rest_route=%2Fwp%2Fv2%2Fcategories&post=8741"},{"taxonomy":"post_tag","embeddable":true,"href":"https:\/\/atecordoba.org\/index.php?rest_route=%2Fwp%2Fv2%2Ftags&post=8741"}],"curies":[{"name":"wp","href":"https:\/\/api.w.org\/{rel}","templated":true}]}}