{"id":8736,"date":"2017-06-23T11:26:00","date_gmt":"2017-06-23T14:26:00","guid":{"rendered":"http:\/\/www.atecordoba.org\/?p=8736"},"modified":"2017-06-23T11:26:00","modified_gmt":"2017-06-23T14:26:00","slug":"la-clausura-de-dioxitek-supone-un-peligro-para-la-soberania-nacional-reapertura-ya","status":"publish","type":"post","link":"https:\/\/atecordoba.org\/?p=8736","title":{"rendered":"La clausura de Dioxitek supone un peligro para la soberan\u00eda nacional: reapertura ya"},"content":{"rendered":"<p><em>Los trabajadores de Dioxitek S.A. expresamos nuestra preocupaci\u00f3n por la prolongaci\u00f3n de la clausura de la Planta de Producci\u00f3n de Di\u00f3xido de Uranio ubicada en el barrio de Alta C\u00f3rdoba.<\/em><\/p>\n<p><img loading=\"lazy\" decoding=\"async\" class=\"aligncenter size-full wp-image-8737\" src=\"http:\/\/www.atecordoba.org\/wp-content\/uploads\/2017\/06\/20160512_105222-e1498227920423.jpg\" alt=\"\" width=\"550\" height=\"413\"><\/p>\n<p>Esta situaci\u00f3n comenz\u00f3 en octubre de 2015 y pone en peligro la fuente de trabajo de 100 trabajadores en C\u00f3rdoba y compromete el ciclo nuclear argentino y la soberan\u00eda energ\u00e9tica.<\/p>\n<p>Las autoridades nacionales y municipales no han dado respuesta alguna y siguen dilatando la aplicaci\u00f3n de la resoluci\u00f3n judicial que nos permite retomar nuestras actividades por un plazo no menor a 2 (dos) a\u00f1os. El gobierno nacional, la Comisi\u00f3n Nacional de energ\u00eda At\u00f3mica (CNEA) y los directivos de la empresa han decidido la sustituci\u00f3n del producto que elaboramos por material importado, y ha establecido que la construcci\u00f3n de la nueva planta en la provincia de Formosa, sumado al material importado, reemplace la producci\u00f3n de la Planta C\u00f3rdoba.<\/p>\n<p>Estas decisiones, no s\u00f3lo afectan la soberan\u00eda energ\u00e9tica nacional, sino que implica el inminente despido de los trabajadores que desarrollamos nuestra actividad por m\u00e1s de 30 a\u00f1os en la ciudad de C\u00f3rdoba.<\/p>\n<p>La situaci\u00f3n se ha tornado apremiante y urgente para los trabajadores, lo que nos obliga a comenzar un plan de lucha y manifestarnos: el d\u00eda 23 de junio comienza el estado de asamblea permanente de todo el personal.<br \/>\nNuestra actividad es legal, leg\u00edtima y digna. Desde el a\u00f1o 1997 hemos sido ejemplo en seguridad, respeto al medioambiente e innovaci\u00f3n tecnol\u00f3gica.<\/p>\n<p>Exigimos a las autoridades de la empresa, municipales y nacionales una pronta resoluci\u00f3n y la reapertura inmediata de la planta. Adem\u00e1s, que se garanticen los puestos de trabajo una vez puesta en marcha la Nueva Planta de Uranio en Formosa.<\/p>\n<p>Los trabajadores de Dioxitek decimos:<br \/>\n\u2022 Reapertura de la Planta Industrial de Dioxitek en alta C\u00f3rdoba<br \/>\n\u2022 Que se garanticen los puestos de trabajo para todo el personal en C\u00f3rdoba.<br \/>\n\u2022 Basta de estigmatizaci\u00f3n de la actividad nuclear<br \/>\n\u2022 Dioxitek es de C\u00f3rdoba, y de C\u00f3rdoba no se va.<\/p>\n","protected":false},"excerpt":{"rendered":"<p>Los trabajadores de Dioxitek S.A. expresamos nuestra preocupaci\u00f3n por la prolongaci\u00f3n de la clausura de la Planta de Producci\u00f3n de Di\u00f3xido de Uranio ubicada en el barrio de Alta C\u00f3rdoba. Esta situaci\u00f3n comenz\u00f3 en octubre de 2015 y pone en peligro la fuente de trabajo de 100 trabajadores en C\u00f3rdoba y compromete el ciclo nuclear [&hellip;]<\/p>\n","protected":false},"author":1,"featured_media":19220,"comment_status":"open","ping_status":"open","sticky":false,"template":"","format":"standard","meta":{"_exactmetrics_skip_tracking":false,"_exactmetrics_sitenote_active":false,"_exactmetrics_sitenote_note":"","_exactmetrics_sitenote_category":0,"jnews-multi-image_gallery":[],"jnews_single_post":[],"jnews_primary_category":[],"jnews_social_meta":[],"jnews_review":[],"enable_review":"","type":"","name":"","summary":"","brand":"","sku":"","good":[],"bad":[],"score_override":"","override_value":"","rating":[],"price":[],"jnews_override_counter":[],"jnews_post_split":[],"footnotes":""},"categories":[135,18],"tags":[],"class_list":["post-8736","post","type-post","status-publish","format-standard","has-post-thumbnail","hentry","category-dioxitek","category-nacionales"],"jetpack_featured_media_url":"https:\/\/atecordoba.org\/wp-content\/uploads\/2020\/05\/logo-nuevochico-e1561581322808.png","_links":{"self":[{"href":"https:\/\/atecordoba.org\/index.php?rest_route=\/wp\/v2\/posts\/8736","targetHints":{"allow":["GET"]}}],"collection":[{"href":"https:\/\/atecordoba.org\/index.php?rest_route=\/wp\/v2\/posts"}],"about":[{"href":"https:\/\/atecordoba.org\/index.php?rest_route=\/wp\/v2\/types\/post"}],"author":[{"embeddable":true,"href":"https:\/\/atecordoba.org\/index.php?rest_route=\/wp\/v2\/users\/1"}],"replies":[{"embeddable":true,"href":"https:\/\/atecordoba.org\/index.php?rest_route=%2Fwp%2Fv2%2Fcomments&post=8736"}],"version-history":[{"count":0,"href":"https:\/\/atecordoba.org\/index.php?rest_route=\/wp\/v2\/posts\/8736\/revisions"}],"wp:featuredmedia":[{"embeddable":true,"href":"https:\/\/atecordoba.org\/index.php?rest_route=\/wp\/v2\/media\/19220"}],"wp:attachment":[{"href":"https:\/\/atecordoba.org\/index.php?rest_route=%2Fwp%2Fv2%2Fmedia&parent=8736"}],"wp:term":[{"taxonomy":"category","embeddable":true,"href":"https:\/\/atecordoba.org\/index.php?rest_route=%2Fwp%2Fv2%2Fcategories&post=8736"},{"taxonomy":"post_tag","embeddable":true,"href":"https:\/\/atecordoba.org\/index.php?rest_route=%2Fwp%2Fv2%2Ftags&post=8736"}],"curies":[{"name":"wp","href":"https:\/\/api.w.org\/{rel}","templated":true}]}}