{"id":8729,"date":"2017-06-22T14:01:05","date_gmt":"2017-06-22T17:01:05","guid":{"rendered":"http:\/\/www.atecordoba.org\/?p=8729"},"modified":"2020-06-09T16:51:12","modified_gmt":"2020-06-09T19:51:12","slug":"se-realizo-el-taller-de-historia-del-movimiento-obrero-en-rio-cuarto","status":"publish","type":"post","link":"https:\/\/atecordoba.org\/?p=8729","title":{"rendered":"Se realiz\u00f3 el taller de historia del movimiento obrero en R\u00edo Cuarto"},"content":{"rendered":"<p><em>A cargo del secretario de Relaciones Institucionales de la CTA, Juan Carlos Giuliani, el curso se llev\u00f3 a cabo en la sede de ATE.<\/em><\/p>\n<p><img loading=\"lazy\" decoding=\"async\" class=\"aligncenter size-full wp-image-8730\" src=\"http:\/\/atecordoba.org\/wp-content\/uploads\/2020\/06\/dsc_1154.jpg\" alt=\"\" width=\"500\" height=\"332\"><\/p>\n<p>En el auditorio Atilio L\u00f3pez de la sede sindical de ATE R\u00edo Cuarto se llev\u00f3 adelante la charla-debate \u201cApuntes sobre la historia del movimiento obrero argentino\u201d. La introducci\u00f3n estuvo a cargo de Julia Giuliani Secretaria de Prensa y Publicidad de ATE-CTAA quien indic\u00f3 que los gobiernos \u201cnos est\u00e1n queriendo llevar puestos y est\u00e1 bueno recordar de donde vienen todas esas conquistas\u201d. La Secretaria de Prensa agreg\u00f3: \u201cHay que recordar de donde vienen esas conquistas&nbsp; que tenemos que no nos regal\u00f3 nadie\u201d.<\/p>\n<p>Por su parte, el Secretario de Relaciones Institucionales de la CTAA Nacional y periodista present\u00f3 la charla como \u201cUna aproximaci\u00f3n, un relato breve de la historia del movimiento obrero argentino desde nosotros los trabajadores\u201d.<\/p>\n<p><img loading=\"lazy\" decoding=\"async\" class=\"aligncenter size-full wp-image-8731\" src=\"http:\/\/atecordoba.org\/wp-content\/uploads\/2020\/06\/dsc_1160.jpg\" alt=\"\" width=\"500\" height=\"332\"><\/p>\n<p>\u201cYo aprend\u00ed hace muchos a\u00f1os con V\u00edctor De Gennaro la idea de aproximarnos o hacer apuntes de la historia del movimiento obrero desde nosotros, no desde la academia&nbsp; lo cual uno no la niega. Pero una cosa es contada la historia desde nosotros mismos desde nuestra posici\u00f3n de clase, y otra cosa es cuando te la relatan los otros. No es casualidad que en ninguna c\u00e1tedra, en ninguna facultad de ninguna Universidad Nacional Argentina haya un curso sobre la historia del movimiento obrero. No es casualidad, el \u00fanico curso que hay es en la Universidad de Lan\u00fas que es el curso que dicta V\u00edctor con otros compa\u00f1eros y que es una suerte de fuera de grado no est\u00e1 dentro de la curr\u00edcula\u201d, explic\u00f3 Giuliani.<\/p>\n<p>El dirigente gremial fue contundente cuando manifest\u00f3 que la cultura, la ense\u00f1anza y el conocimiento se la apropian los que mandan. \u201cPermitirte que los trabajadores tengamos consciencia que somos los generadores de la riqueza de las naciones y por lo tanto apropiarnos del conocimiento que nosotros mismos tenemos, no te lo va a dar los capitalistas, no te lo va a dar los patrones. Y cuando digo que nosotros generamos la riqueza&nbsp; y el conocimiento te pregunto: \u00bfQui\u00e9n sabe m\u00e1s de construcci\u00f3n, de vivienda que un alba\u00f1il? \u00bfQui\u00e9n sabe m\u00e1s de la comunicaci\u00f3n que un trabajador de la comunicaci\u00f3n?\u201d, se\u00f1al\u00f3 Giuliani.<\/p>\n<p>Con preguntas de por medio, relatos de luchas&nbsp; de los compa\u00f1eras y de las compa\u00f1eras que participaron de la formaci\u00f3n; la charla fue una recorrida de los hitos hist\u00f3ricos del movimiento obrero argentino y tambi\u00e9n del movimiento sindical en R\u00edo Cuarto.<\/p>\n<p>Desde ATE-CTAA celebramos estas instancias de formaci\u00f3n que nos hacen crecer como militantes y nos permiten conocer nuestra historia, nuestras luchas y reivindicar las conquistas de los trabajadores y trabajadoras.<\/p>\n<p>Agradecemos a los militantes y delegados que se acercaron a la sede y participaron del curso. Compa\u00f1eros de ANAC, \u00c1rea Material R\u00edo Cuarto, Municipalidad de R\u00edo Cuarto y de Alpa corral, Emos, Pensiones Nacionales dieron el presente en esta importante formaci\u00f3n.<\/p>\n","protected":false},"excerpt":{"rendered":"<p>A cargo del secretario de Relaciones Institucionales de la CTA, Juan Carlos Giuliani, el curso se llev\u00f3 a cabo en la sede de ATE. En el auditorio Atilio L\u00f3pez de la sede sindical de ATE R\u00edo Cuarto se llev\u00f3 adelante la charla-debate \u201cApuntes sobre la historia del movimiento obrero argentino\u201d. La introducci\u00f3n estuvo a cargo [&hellip;]<\/p>\n","protected":false},"author":1,"featured_media":19220,"comment_status":"open","ping_status":"open","sticky":false,"template":"","format":"standard","meta":{"_exactmetrics_skip_tracking":false,"_exactmetrics_sitenote_active":false,"_exactmetrics_sitenote_note":"","_exactmetrics_sitenote_category":0,"jnews-multi-image_gallery":[],"jnews_single_post":[],"jnews_primary_category":[],"jnews_social_meta":[],"jnews_review":[],"enable_review":"","type":"","name":"","summary":"","brand":"","sku":"","good":[],"bad":[],"score_override":"","override_value":"","rating":[],"price":[],"jnews_override_counter":[],"jnews_post_split":[],"footnotes":""},"categories":[88,12,34],"tags":[],"class_list":["post-8729","post","type-post","status-publish","format-standard","has-post-thumbnail","hentry","category-formacion","category-rio-cuarto","category-seccionales"],"jetpack_featured_media_url":"https:\/\/atecordoba.org\/wp-content\/uploads\/2020\/05\/logo-nuevochico-e1561581322808.png","_links":{"self":[{"href":"https:\/\/atecordoba.org\/index.php?rest_route=\/wp\/v2\/posts\/8729","targetHints":{"allow":["GET"]}}],"collection":[{"href":"https:\/\/atecordoba.org\/index.php?rest_route=\/wp\/v2\/posts"}],"about":[{"href":"https:\/\/atecordoba.org\/index.php?rest_route=\/wp\/v2\/types\/post"}],"author":[{"embeddable":true,"href":"https:\/\/atecordoba.org\/index.php?rest_route=\/wp\/v2\/users\/1"}],"replies":[{"embeddable":true,"href":"https:\/\/atecordoba.org\/index.php?rest_route=%2Fwp%2Fv2%2Fcomments&post=8729"}],"version-history":[{"count":1,"href":"https:\/\/atecordoba.org\/index.php?rest_route=\/wp\/v2\/posts\/8729\/revisions"}],"predecessor-version":[{"id":20100,"href":"https:\/\/atecordoba.org\/index.php?rest_route=\/wp\/v2\/posts\/8729\/revisions\/20100"}],"wp:featuredmedia":[{"embeddable":true,"href":"https:\/\/atecordoba.org\/index.php?rest_route=\/wp\/v2\/media\/19220"}],"wp:attachment":[{"href":"https:\/\/atecordoba.org\/index.php?rest_route=%2Fwp%2Fv2%2Fmedia&parent=8729"}],"wp:term":[{"taxonomy":"category","embeddable":true,"href":"https:\/\/atecordoba.org\/index.php?rest_route=%2Fwp%2Fv2%2Fcategories&post=8729"},{"taxonomy":"post_tag","embeddable":true,"href":"https:\/\/atecordoba.org\/index.php?rest_route=%2Fwp%2Fv2%2Ftags&post=8729"}],"curies":[{"name":"wp","href":"https:\/\/api.w.org\/{rel}","templated":true}]}}