{"id":8720,"date":"2017-06-21T16:13:57","date_gmt":"2017-06-21T19:13:57","guid":{"rendered":"http:\/\/www.atecordoba.org\/?p=8720"},"modified":"2020-07-02T11:35:17","modified_gmt":"2020-07-02T14:35:17","slug":"plenario-ate-anac-cordobacuyo-resolvio-profundizar-la-organizacion-del-sector","status":"publish","type":"post","link":"https:\/\/atecordoba.org\/?p=8720","title":{"rendered":"Plenario ATE-ANAC C\u00f3rdoba\/Cuyo resolvi\u00f3 profundizar la organizaci\u00f3n del sector"},"content":{"rendered":"<p><em>Los delegados se reunieron en el CDP para debatir el viernes pasado al situaci\u00f3n de la ANAC.<\/em><\/p>\n<p><img loading=\"lazy\" decoding=\"async\" class=\"aligncenter size-full wp-image-8721\" src=\"http:\/\/www.atecordoba.org\/wp-content\/uploads\/2017\/06\/1-e1498071404564.jpeg\" alt=\"\" width=\"550\" height=\"330\"><\/p>\n<p>El encuentro cont\u00f3 con la presencia de la secretaria General de ATE C\u00f3rdoba, Mar\u00eda Liliana Salerno, y la participaci\u00f3n de compa\u00f1eros de&nbsp;los aeropuertos C\u00f3rdoba, R\u00edo Cuarto, Villa Reynolds, San Luis y Termas de R\u00edo Hondo y Cabecera Regional Noroeste.<\/p>\n<p>Estuvieron Fernanda Gatica, coordinador ATE-ANAC Regi\u00f3n Cuyo, &nbsp;Rafael Astudillo, por el Aeropuerto Termas de R\u00edo hondo, y Edith Innamorato, por el Aeropuerto C\u00f3rdoba.&nbsp;<\/p>\n<p>Tras abordar las problem\u00e1ticas que unifican las diversas&nbsp;terminales a\u00e9reas y desmenuzar las situaciones propias de cada lugar de trabajo, se defini\u00f3 avanzar en organizaci\u00f3n del sector para exigir la apertura de discusi\u00f3n de Convenio Colectivo de Trabajo Sectorial y, al mismo tiempo, respaldar la lucha de los compa\u00f1eros del Aeropuerto R\u00edo Cuarto ante el intento de ubicarlos en situaci\u00f3n de&nbsp;disponibilidad.<\/p>\n<p>Al mismo tiempo, el plenario resolvi\u00f3 reclamar:<\/p>\n<ul>\n<li>Soluci\u00f3n de reencasillamientos.<\/li>\n<li>Inversi\u00f3n en los distintos Servicios del Organismo.<\/li>\n<li>Exigir \u00e1mbito para la discusi\u00f3n salarial de la ANAC.<\/li>\n<\/ul>\n<p>Por otro lado,&nbsp;ante la falta de respuestas a los reclamos que viene realizando&nbsp;ATE en R\u00edo Cuarto, se llevar\u00e1 a cabo una medida de fuerzas en dicho aeropuerto, repudiando la falta de definici\u00f3n en&nbsp; la reubicaci\u00f3n de los compa\u00f1eros anexo 1, en tanto se solicitar\u00e1&nbsp;con car\u00e1cter de urgente una reuni\u00f3n los delegados y referentes ATE con el director de la Regional Noroeste de esta regi\u00f3n.<\/p>\n<p><img loading=\"lazy\" decoding=\"async\" class=\"aligncenter size-full wp-image-8722\" src=\"http:\/\/www.atecordoba.org\/wp-content\/uploads\/2017\/06\/3-e1498071453353.jpeg\" alt=\"\" width=\"550\" height=\"330\"><\/p>\n<p>Por \u00faltimo, en t\u00e9rminos organizativos el plenario sali\u00f3 con la resoluci\u00f3n de elaborar informes con fotos y videos denunciando la falta de inversi\u00f3n en los servicios,&nbsp;elaborar informes respecto a la falta de personal, colaborar con la organizaci\u00f3n de ATE en EANA y solicitar al Consejo Directivo Nacional la realizaci\u00f3n de plenario nacional delegados ANAC.<\/p>\n","protected":false},"excerpt":{"rendered":"<p>Los delegados se reunieron en el CDP para debatir el viernes pasado al situaci\u00f3n de la ANAC. El encuentro cont\u00f3 con la presencia de la secretaria General de ATE C\u00f3rdoba, Mar\u00eda Liliana Salerno, y la participaci\u00f3n de compa\u00f1eros de&nbsp;los aeropuertos C\u00f3rdoba, R\u00edo Cuarto, Villa Reynolds, San Luis y Termas de R\u00edo Hondo y Cabecera Regional [&hellip;]<\/p>\n","protected":false},"author":1,"featured_media":19220,"comment_status":"open","ping_status":"open","sticky":false,"template":"","format":"standard","meta":{"_exactmetrics_skip_tracking":false,"_exactmetrics_sitenote_active":false,"_exactmetrics_sitenote_note":"","_exactmetrics_sitenote_category":0,"jnews-multi-image_gallery":[],"jnews_single_post":[],"jnews_primary_category":[],"jnews_social_meta":[],"jnews_review":[],"enable_review":"","type":"","name":"","summary":"","brand":"","sku":"","good":[],"bad":[],"score_override":"","override_value":"","rating":[],"price":[],"jnews_override_counter":[],"jnews_post_split":[],"footnotes":""},"categories":[18],"tags":[33,347],"class_list":["post-8720","post","type-post","status-publish","format-standard","has-post-thumbnail","hentry","category-nacionales","tag-anac","tag-movimiento-aeronautico-cordobes-mac"],"jetpack_featured_media_url":"https:\/\/atecordoba.org\/wp-content\/uploads\/2020\/05\/logo-nuevochico-e1561581322808.png","_links":{"self":[{"href":"https:\/\/atecordoba.org\/index.php?rest_route=\/wp\/v2\/posts\/8720","targetHints":{"allow":["GET"]}}],"collection":[{"href":"https:\/\/atecordoba.org\/index.php?rest_route=\/wp\/v2\/posts"}],"about":[{"href":"https:\/\/atecordoba.org\/index.php?rest_route=\/wp\/v2\/types\/post"}],"author":[{"embeddable":true,"href":"https:\/\/atecordoba.org\/index.php?rest_route=\/wp\/v2\/users\/1"}],"replies":[{"embeddable":true,"href":"https:\/\/atecordoba.org\/index.php?rest_route=%2Fwp%2Fv2%2Fcomments&post=8720"}],"version-history":[{"count":1,"href":"https:\/\/atecordoba.org\/index.php?rest_route=\/wp\/v2\/posts\/8720\/revisions"}],"predecessor-version":[{"id":20551,"href":"https:\/\/atecordoba.org\/index.php?rest_route=\/wp\/v2\/posts\/8720\/revisions\/20551"}],"wp:featuredmedia":[{"embeddable":true,"href":"https:\/\/atecordoba.org\/index.php?rest_route=\/wp\/v2\/media\/19220"}],"wp:attachment":[{"href":"https:\/\/atecordoba.org\/index.php?rest_route=%2Fwp%2Fv2%2Fmedia&parent=8720"}],"wp:term":[{"taxonomy":"category","embeddable":true,"href":"https:\/\/atecordoba.org\/index.php?rest_route=%2Fwp%2Fv2%2Fcategories&post=8720"},{"taxonomy":"post_tag","embeddable":true,"href":"https:\/\/atecordoba.org\/index.php?rest_route=%2Fwp%2Fv2%2Ftags&post=8720"}],"curies":[{"name":"wp","href":"https:\/\/api.w.org\/{rel}","templated":true}]}}