{"id":8707,"date":"2017-06-16T15:46:06","date_gmt":"2017-06-16T18:46:06","guid":{"rendered":"http:\/\/www.atecordoba.org\/?p=8707"},"modified":"2017-06-16T15:46:06","modified_gmt":"2017-06-16T18:46:06","slug":"eleccion-en-el-hospital-nacional-de-clinicas-consagra-a-siete-nuevos-delegados-de-ate","status":"publish","type":"post","link":"https:\/\/atecordoba.org\/?p=8707","title":{"rendered":"Elecci\u00f3n en el Hospital Nacional de Cl\u00ednicas consagra a siete nuevos delegados de ATE"},"content":{"rendered":"<p><em>Con una alta participaci\u00f3n del padr\u00f3n dispuesto en el hospital, ATE eligi\u00f3 delegados por primera vez.<\/em><\/p>\n<p><img loading=\"lazy\" decoding=\"async\" class=\"aligncenter size-full wp-image-8708\" src=\"http:\/\/www.atecordoba.org\/wp-content\/uploads\/2017\/06\/WhatsApp-Image-2017-06-16-at-15.20.14-e1497638290603.jpeg\" alt=\"\" width=\"550\" height=\"364\"><\/p>\n<p>Se trata del sector de la universidad nacional de C\u00f3rdoba con mayor cantidad de trabajadores no docentes. Los compa\u00f1eros comenzaron la etapa organizativa en ATE y reclamaron que se convoque inmediatamente a elecci\u00f3n de delegados, cosa que se llev\u00f3 a cabo ayer con gran concurrencia de los trabajadores.<\/p>\n<p>En la oportunidad resultaron electos siete delegados: Luis L\u00f3pez, M\u00f3nica Quinteros, Gustavo Ferrero, Ana Palmero, Guillermo Mari\u00f1o, Ram\u00f3n Gim\u00e9nez y Ren\u00e9 Cardozo.<\/p>\n<p><img loading=\"lazy\" decoding=\"async\" class=\"aligncenter size-full wp-image-8709\" src=\"http:\/\/www.atecordoba.org\/wp-content\/uploads\/2017\/06\/urna-e1497638327168.jpeg\" alt=\"\" width=\"413\" height=\"550\"><\/p>\n<p>La elecci\u00f3n se desarroll\u00f3 con normalidad, a pesar de los aprietes que recibieron los compa\u00f1eros de parte de las autoridades y el otro sindicato para que no participen ni elijan libremente quienes van a ser sus representantes.<\/p>\n<p>En ese sentido, los delegados electos manifestaron que su agradecimiento a los trabajadores \u201cya que el 14 de Junio nos permitieron comenzar a escribir una nueva historia de un grupo de gente que comienza a edificar una realidad en la gesti\u00f3n por los derechos del trabajador. Nos comprometernos a hacer lo que nos corresponde; estar al lado de cada uno de ustedes desde el compromiso que significa defender los ideales de un bienestar com\u00fan, sin mentiras ni abandonos\u201d.<\/p>\n<p><img loading=\"lazy\" decoding=\"async\" class=\"aligncenter size-full wp-image-8710\" src=\"http:\/\/www.atecordoba.org\/wp-content\/uploads\/2017\/06\/WhatsApp-Image-2017-06-16-at-15.20.13-e1497638368657.jpeg\" alt=\"\" width=\"550\" height=\"364\"><\/p>\n<p>&nbsp;<\/p>\n","protected":false},"excerpt":{"rendered":"<p>Con una alta participaci\u00f3n del padr\u00f3n dispuesto en el hospital, ATE eligi\u00f3 delegados por primera vez. Se trata del sector de la universidad nacional de C\u00f3rdoba con mayor cantidad de trabajadores no docentes. Los compa\u00f1eros comenzaron la etapa organizativa en ATE y reclamaron que se convoque inmediatamente a elecci\u00f3n de delegados, cosa que se llev\u00f3 [&hellip;]<\/p>\n","protected":false},"author":1,"featured_media":19220,"comment_status":"open","ping_status":"open","sticky":false,"template":"","format":"standard","meta":{"_exactmetrics_skip_tracking":false,"_exactmetrics_sitenote_active":false,"_exactmetrics_sitenote_note":"","_exactmetrics_sitenote_category":0,"jnews-multi-image_gallery":[],"jnews_single_post":[],"jnews_primary_category":[],"jnews_social_meta":[],"jnews_review":[],"enable_review":"","type":"","name":"","summary":"","brand":"","sku":"","good":[],"bad":[],"score_override":"","override_value":"","rating":[],"price":[],"jnews_override_counter":[],"jnews_post_split":[],"footnotes":""},"categories":[89],"tags":[],"class_list":["post-8707","post","type-post","status-publish","format-standard","has-post-thumbnail","hentry","category-unc"],"jetpack_featured_media_url":"https:\/\/atecordoba.org\/wp-content\/uploads\/2020\/05\/logo-nuevochico-e1561581322808.png","_links":{"self":[{"href":"https:\/\/atecordoba.org\/index.php?rest_route=\/wp\/v2\/posts\/8707","targetHints":{"allow":["GET"]}}],"collection":[{"href":"https:\/\/atecordoba.org\/index.php?rest_route=\/wp\/v2\/posts"}],"about":[{"href":"https:\/\/atecordoba.org\/index.php?rest_route=\/wp\/v2\/types\/post"}],"author":[{"embeddable":true,"href":"https:\/\/atecordoba.org\/index.php?rest_route=\/wp\/v2\/users\/1"}],"replies":[{"embeddable":true,"href":"https:\/\/atecordoba.org\/index.php?rest_route=%2Fwp%2Fv2%2Fcomments&post=8707"}],"version-history":[{"count":0,"href":"https:\/\/atecordoba.org\/index.php?rest_route=\/wp\/v2\/posts\/8707\/revisions"}],"wp:featuredmedia":[{"embeddable":true,"href":"https:\/\/atecordoba.org\/index.php?rest_route=\/wp\/v2\/media\/19220"}],"wp:attachment":[{"href":"https:\/\/atecordoba.org\/index.php?rest_route=%2Fwp%2Fv2%2Fmedia&parent=8707"}],"wp:term":[{"taxonomy":"category","embeddable":true,"href":"https:\/\/atecordoba.org\/index.php?rest_route=%2Fwp%2Fv2%2Fcategories&post=8707"},{"taxonomy":"post_tag","embeddable":true,"href":"https:\/\/atecordoba.org\/index.php?rest_route=%2Fwp%2Fv2%2Ftags&post=8707"}],"curies":[{"name":"wp","href":"https:\/\/api.w.org\/{rel}","templated":true}]}}