{"id":8703,"date":"2017-06-15T14:23:03","date_gmt":"2017-06-15T17:23:03","guid":{"rendered":"http:\/\/www.atecordoba.org\/?p=8703"},"modified":"2017-06-15T14:23:03","modified_gmt":"2017-06-15T17:23:03","slug":"rio-tercero-realizo-una-contundente-medida-de-fuerza-ayer","status":"publish","type":"post","link":"https:\/\/atecordoba.org\/?p=8703","title":{"rendered":"R\u00edo Tercero realiz\u00f3 una contundente medida de fuerza ayer"},"content":{"rendered":"<p><em>En el marco del paro nacional de ATE, la seccional de R\u00edo Tercero inici\u00f3 la medida de fuerza a las cinco de la ma\u00f1ana, paralizando totalmente la actividad en la f\u00e1brica militar.<\/em><\/p>\n<div class=\"epyt-video-wrapper\"><iframe loading=\"lazy\"  style=\"display: block; margin: 0px auto;\"  id=\"_ytid_19412\"  width=\"480\" height=\"270\"  data-origwidth=\"480\" data-origheight=\"270\" src=\"https:\/\/www.youtube.com\/embed\/QoqMREqwi1U?enablejsapi=1&#038;autoplay=0&#038;cc_load_policy=0&#038;cc_lang_pref=&#038;iv_load_policy=3&#038;loop=0&#038;rel=0&#038;fs=1&#038;playsinline=0&#038;autohide=2&#038;theme=dark&#038;color=red&#038;controls=1&#038;disablekb=0&#038;\" class=\"__youtube_prefs__  epyt-is-override  no-lazyload\" title=\"YouTube player\"  allow=\"fullscreen; accelerometer; autoplay; clipboard-write; encrypted-media; gyroscope; picture-in-picture; web-share\" referrerpolicy=\"strict-origin-when-cross-origin\" allowfullscreen data-no-lazy=\"1\" data-skipgform_ajax_framebjll=\"\"><\/iframe><\/div>\n<p>A media ma\u00f1ana la conducci\u00f3n de la seccional convoc\u00f3 a una conferencia de encabezada por el secretario General Cristian Colman.&nbsp;<\/p>\n<p>Los compa\u00f1eros rechazaron por exigua la pauta salarial del 20% y repudiaron las clausulas de productividad y presentismo.<\/p>\n<p>&#8220;Como pueden pagarnos a nosotros la productividad si la f\u00e1brica no est\u00e1 produciendo por una decisi\u00f3n pol\u00edtica del propio gobierno, que no manda ni insumos ni planes de producci\u00f3n&#8221;, se pregunt\u00f3 el dirigente.<\/p>\n<p>&nbsp;<\/p>\n","protected":false},"excerpt":{"rendered":"<p>En el marco del paro nacional de ATE, la seccional de R\u00edo Tercero inici\u00f3 la medida de fuerza a las cinco de la ma\u00f1ana, paralizando totalmente la actividad en la f\u00e1brica militar. A media ma\u00f1ana la conducci\u00f3n de la seccional convoc\u00f3 a una conferencia de encabezada por el secretario General Cristian Colman.&nbsp; Los compa\u00f1eros rechazaron [&hellip;]<\/p>\n","protected":false},"author":1,"featured_media":19220,"comment_status":"open","ping_status":"open","sticky":false,"template":"","format":"standard","meta":{"_exactmetrics_skip_tracking":false,"_exactmetrics_sitenote_active":false,"_exactmetrics_sitenote_note":"","_exactmetrics_sitenote_category":0,"jnews-multi-image_gallery":[],"jnews_single_post":[],"jnews_primary_category":[],"jnews_social_meta":[],"jnews_review":[],"enable_review":"","type":"","name":"","summary":"","brand":"","sku":"","good":[],"bad":[],"score_override":"","override_value":"","rating":[],"price":[],"jnews_override_counter":[],"jnews_post_split":[],"footnotes":""},"categories":[18,13],"tags":[],"class_list":["post-8703","post","type-post","status-publish","format-standard","has-post-thumbnail","hentry","category-nacionales","category-rio-tercero"],"jetpack_featured_media_url":"https:\/\/atecordoba.org\/wp-content\/uploads\/2020\/05\/logo-nuevochico-e1561581322808.png","_links":{"self":[{"href":"https:\/\/atecordoba.org\/index.php?rest_route=\/wp\/v2\/posts\/8703","targetHints":{"allow":["GET"]}}],"collection":[{"href":"https:\/\/atecordoba.org\/index.php?rest_route=\/wp\/v2\/posts"}],"about":[{"href":"https:\/\/atecordoba.org\/index.php?rest_route=\/wp\/v2\/types\/post"}],"author":[{"embeddable":true,"href":"https:\/\/atecordoba.org\/index.php?rest_route=\/wp\/v2\/users\/1"}],"replies":[{"embeddable":true,"href":"https:\/\/atecordoba.org\/index.php?rest_route=%2Fwp%2Fv2%2Fcomments&post=8703"}],"version-history":[{"count":0,"href":"https:\/\/atecordoba.org\/index.php?rest_route=\/wp\/v2\/posts\/8703\/revisions"}],"wp:featuredmedia":[{"embeddable":true,"href":"https:\/\/atecordoba.org\/index.php?rest_route=\/wp\/v2\/media\/19220"}],"wp:attachment":[{"href":"https:\/\/atecordoba.org\/index.php?rest_route=%2Fwp%2Fv2%2Fmedia&parent=8703"}],"wp:term":[{"taxonomy":"category","embeddable":true,"href":"https:\/\/atecordoba.org\/index.php?rest_route=%2Fwp%2Fv2%2Fcategories&post=8703"},{"taxonomy":"post_tag","embeddable":true,"href":"https:\/\/atecordoba.org\/index.php?rest_route=%2Fwp%2Fv2%2Ftags&post=8703"}],"curies":[{"name":"wp","href":"https:\/\/api.w.org\/{rel}","templated":true}]}}