{"id":8696,"date":"2017-06-15T13:32:50","date_gmt":"2017-06-15T16:32:50","guid":{"rendered":"http:\/\/www.atecordoba.org\/?p=8696"},"modified":"2017-06-15T13:32:50","modified_gmt":"2017-06-15T16:32:50","slug":"villa-maria-reunion-en-la-seccional-para-acordar-acciones-contra-le-recorte-de-las-pensiones-por-discapacidad","status":"publish","type":"post","link":"https:\/\/atecordoba.org\/?p=8696","title":{"rendered":"Villa Mar\u00eda: reuni\u00f3n en la seccional para acordar acciones contra le recorte de las pensiones por discapacidad"},"content":{"rendered":"<p><em>Anoche&nbsp;se autoconvocaron en la sede de la seccional Villa Mar\u00eda familiares y personas con discapacidad, perjudicados por la ca\u00edda de las pensiones que ven\u00edan percibiendo, en el marco de la pol\u00edtica de ajuste del gobierno nacional con respecto a estos beneficios.<\/em><\/p>\n<p><img loading=\"lazy\" decoding=\"async\" class=\"aligncenter size-full wp-image-8697\" src=\"http:\/\/www.atecordoba.org\/wp-content\/uploads\/2017\/06\/JCL_0646-e1497544187710.jpg\" alt=\"\" width=\"550\" height=\"367\"><\/p>\n<p>Entre los presentes se encontraban adem\u00e1s, el dirigente sindical de ATE Villa Mar\u00eda Gustavo V\u00edlches, la concejal del PJ Ver\u00f3nica Viv\u00f3, el dirigente sindical de ANSES Rub\u00e9n Aguiar , la representante de ALPI y ex funcionaria de la provincia, Rosa C\u00e1mpora y la referente de Villa Mar\u00eda sin Barreras, Cristina Goupillaut.<\/p>\n<p>Del encuentro surgieron varias iniciativas para visualizar el problema y realizar los reclamos correspondientes. La primera actividad ser\u00e1 ma\u00f1ana viernes en Plaza Centenario, donde se concentrar\u00e1n en torno a una Radio Abierta, a partir de las 10.30 horas.<\/p>\n<p>Por otra parte, un grupo de madres y padres se hicieron presentes en la ma\u00f1ana de hoy jueves en la sede de la Auditor\u00eda Municipal, a cargo de Alicia Peressutti, para tramitar los reclamos por esa v\u00eda. Asimismo presentar\u00e1n recursos de amparo.<\/p>\n<p>Florencia Roccaro , madre de una ni\u00f1a de 8 a\u00f1os de edad -que padece par\u00e1lisis cerebral- manifest\u00f3 que la pensi\u00f3n dada de baja ascend\u00eda a 4300 pesos e indic\u00f3 que varias mujeres van a presentarse a los diferentes medios de comunicaci\u00f3n para hacer p\u00fablicos los casos.<\/p>\n","protected":false},"excerpt":{"rendered":"<p>Anoche&nbsp;se autoconvocaron en la sede de la seccional Villa Mar\u00eda familiares y personas con discapacidad, perjudicados por la ca\u00edda de las pensiones que ven\u00edan percibiendo, en el marco de la pol\u00edtica de ajuste del gobierno nacional con respecto a estos beneficios. Entre los presentes se encontraban adem\u00e1s, el dirigente sindical de ATE Villa Mar\u00eda Gustavo [&hellip;]<\/p>\n","protected":false},"author":1,"featured_media":19220,"comment_status":"open","ping_status":"open","sticky":false,"template":"","format":"standard","meta":{"_exactmetrics_skip_tracking":false,"_exactmetrics_sitenote_active":false,"_exactmetrics_sitenote_note":"","_exactmetrics_sitenote_category":0,"jnews-multi-image_gallery":[],"jnews_single_post":[],"jnews_primary_category":[],"jnews_social_meta":[],"jnews_review":[],"enable_review":"","type":"","name":"","summary":"","brand":"","sku":"","good":[],"bad":[],"score_override":"","override_value":"","rating":[],"price":[],"jnews_override_counter":[],"jnews_post_split":[],"footnotes":""},"categories":[10,18,14],"tags":[],"class_list":["post-8696","post","type-post","status-publish","format-standard","has-post-thumbnail","hentry","category-accion-politica","category-nacionales","category-villa-maria"],"jetpack_featured_media_url":"https:\/\/atecordoba.org\/wp-content\/uploads\/2020\/05\/logo-nuevochico-e1561581322808.png","_links":{"self":[{"href":"https:\/\/atecordoba.org\/index.php?rest_route=\/wp\/v2\/posts\/8696","targetHints":{"allow":["GET"]}}],"collection":[{"href":"https:\/\/atecordoba.org\/index.php?rest_route=\/wp\/v2\/posts"}],"about":[{"href":"https:\/\/atecordoba.org\/index.php?rest_route=\/wp\/v2\/types\/post"}],"author":[{"embeddable":true,"href":"https:\/\/atecordoba.org\/index.php?rest_route=\/wp\/v2\/users\/1"}],"replies":[{"embeddable":true,"href":"https:\/\/atecordoba.org\/index.php?rest_route=%2Fwp%2Fv2%2Fcomments&post=8696"}],"version-history":[{"count":0,"href":"https:\/\/atecordoba.org\/index.php?rest_route=\/wp\/v2\/posts\/8696\/revisions"}],"wp:featuredmedia":[{"embeddable":true,"href":"https:\/\/atecordoba.org\/index.php?rest_route=\/wp\/v2\/media\/19220"}],"wp:attachment":[{"href":"https:\/\/atecordoba.org\/index.php?rest_route=%2Fwp%2Fv2%2Fmedia&parent=8696"}],"wp:term":[{"taxonomy":"category","embeddable":true,"href":"https:\/\/atecordoba.org\/index.php?rest_route=%2Fwp%2Fv2%2Fcategories&post=8696"},{"taxonomy":"post_tag","embeddable":true,"href":"https:\/\/atecordoba.org\/index.php?rest_route=%2Fwp%2Fv2%2Ftags&post=8696"}],"curies":[{"name":"wp","href":"https:\/\/api.w.org\/{rel}","templated":true}]}}