{"id":8691,"date":"2017-06-15T12:54:44","date_gmt":"2017-06-15T15:54:44","guid":{"rendered":"http:\/\/www.atecordoba.org\/?p=8691"},"modified":"2017-06-15T12:54:44","modified_gmt":"2017-06-15T15:54:44","slug":"unc-hemoderivados-se-movilizo-al-rectorado","status":"publish","type":"post","link":"https:\/\/atecordoba.org\/?p=8691","title":{"rendered":"UNC: Hemoderivados se moviliz\u00f3 al rectorado"},"content":{"rendered":"<p><em>Los trabajadores no docentes del laboratorio universitario&nbsp;hicieron una asamblea con movilizaci\u00f3n&nbsp;el lunes pasado y protestaron ante la sede de la m\u00e1xima autoridad de la UNC por el pase a planta y recategorizaciones.<\/em><\/p>\n<p><img loading=\"lazy\" decoding=\"async\" class=\"aligncenter size-full wp-image-8692\" src=\"http:\/\/www.atecordoba.org\/wp-content\/uploads\/2017\/06\/20170612_103436-e1497541821113.jpg\" alt=\"\" width=\"550\" height=\"309\"><\/p>\n<p>La medida de fuerza se realiz\u00f3 el lunes pasado a media ma\u00f1ana, cuando un centenar de trabajadores se movilizaron desde&nbsp;las instalaciones del laboratorio de Hemoderivados para cortar la avenida Valparaiso.&nbsp;<\/p>\n<p>Posteriormente se dirigieron al rectorado, encolumnados detr\u00e1s de las banderas banderas de ATE para hacer sentir su reclamo ante el rectorado. En la oportunidad estuvieron presentes el secretario Adjunto del Consejo Directivo Provincial, Luis Barcena, y el Progremial, Francisco Pavan.<\/p>\n<p><img loading=\"lazy\" decoding=\"async\" class=\"aligncenter size-full wp-image-8693\" src=\"http:\/\/www.atecordoba.org\/wp-content\/uploads\/2017\/06\/20170612_103604-e1497541993897.jpg\" alt=\"\" width=\"550\" height=\"309\"><\/p>\n<p>&#8220;Desde enero de 2016 est\u00e1 el reclamo por retegorizaciones para compa\u00f1eros que no fueron alcanzados en su momento. Agotamos las instancias administrativas, realizamos reuniones con las autoridades y no logramos ninguna soluci\u00f3n, por eso hoy nos fuerzan a plantear una asamblea permanente con movilizaci\u00f3n&#8221;, explic\u00f3 el delegado de ATE Miguel Palomeque.&nbsp;<\/p>\n<p><img loading=\"lazy\" decoding=\"async\" class=\"aligncenter size-full wp-image-8694\" src=\"http:\/\/www.atecordoba.org\/wp-content\/uploads\/2017\/06\/20170612_104212-e1497542032673.jpg\" alt=\"\" width=\"550\" height=\"309\"><\/p>\n<p>El dirigente dijo que adem\u00e1s el sector tiene un reclamo hist\u00f3rico para lograr la estabilidad laboral. &#8220;Queremos que se&nbsp;empiece a hacer un cronograma para el pase a planta de los 270 trabajadores del laboratorio. Los \u00faltimos trabajadores de planta permanente datan de 30 a\u00f1os atr\u00e1s. Desde entonces fuimos siempre contratados y desde que nos afiliados&nbsp;a ATE conseguimos un pase a planta interina&#8221;, concluy\u00f3 Palomeque. &nbsp;<\/p>\n<p>&nbsp;<\/p>\n<p>&nbsp;<\/p>\n<p><iframe loading=\"lazy\" title=\"UNC - Laboratorio de Hemoderivados  Miguel Palomeque delegado de ATE - 11 - 3-2017 by ATE C\u00f3rdoba\" width=\"500\" height=\"400\" scrolling=\"no\" frameborder=\"no\" src=\"https:\/\/w.soundcloud.com\/player\/?visual=true&#038;url=https%3A%2F%2Fapi.soundcloud.com%2Ftracks%2F328212404&#038;show_artwork=true&#038;maxheight=750&#038;maxwidth=500\"><\/iframe><\/p>\n<p>&nbsp;<\/p>\n","protected":false},"excerpt":{"rendered":"<p>Los trabajadores no docentes del laboratorio universitario&nbsp;hicieron una asamblea con movilizaci\u00f3n&nbsp;el lunes pasado y protestaron ante la sede de la m\u00e1xima autoridad de la UNC por el pase a planta y recategorizaciones. La medida de fuerza se realiz\u00f3 el lunes pasado a media ma\u00f1ana, cuando un centenar de trabajadores se movilizaron desde&nbsp;las instalaciones del laboratorio [&hellip;]<\/p>\n","protected":false},"author":1,"featured_media":19220,"comment_status":"open","ping_status":"open","sticky":false,"template":"","format":"standard","meta":{"_exactmetrics_skip_tracking":false,"_exactmetrics_sitenote_active":false,"_exactmetrics_sitenote_note":"","_exactmetrics_sitenote_category":0,"jnews-multi-image_gallery":[],"jnews_single_post":[],"jnews_primary_category":[],"jnews_social_meta":[],"jnews_review":[],"enable_review":"","type":"","name":"","summary":"","brand":"","sku":"","good":[],"bad":[],"score_override":"","override_value":"","rating":[],"price":[],"jnews_override_counter":[],"jnews_post_split":[],"footnotes":""},"categories":[18,89],"tags":[],"class_list":["post-8691","post","type-post","status-publish","format-standard","has-post-thumbnail","hentry","category-nacionales","category-unc"],"jetpack_featured_media_url":"https:\/\/atecordoba.org\/wp-content\/uploads\/2020\/05\/logo-nuevochico-e1561581322808.png","_links":{"self":[{"href":"https:\/\/atecordoba.org\/index.php?rest_route=\/wp\/v2\/posts\/8691","targetHints":{"allow":["GET"]}}],"collection":[{"href":"https:\/\/atecordoba.org\/index.php?rest_route=\/wp\/v2\/posts"}],"about":[{"href":"https:\/\/atecordoba.org\/index.php?rest_route=\/wp\/v2\/types\/post"}],"author":[{"embeddable":true,"href":"https:\/\/atecordoba.org\/index.php?rest_route=\/wp\/v2\/users\/1"}],"replies":[{"embeddable":true,"href":"https:\/\/atecordoba.org\/index.php?rest_route=%2Fwp%2Fv2%2Fcomments&post=8691"}],"version-history":[{"count":0,"href":"https:\/\/atecordoba.org\/index.php?rest_route=\/wp\/v2\/posts\/8691\/revisions"}],"wp:featuredmedia":[{"embeddable":true,"href":"https:\/\/atecordoba.org\/index.php?rest_route=\/wp\/v2\/media\/19220"}],"wp:attachment":[{"href":"https:\/\/atecordoba.org\/index.php?rest_route=%2Fwp%2Fv2%2Fmedia&parent=8691"}],"wp:term":[{"taxonomy":"category","embeddable":true,"href":"https:\/\/atecordoba.org\/index.php?rest_route=%2Fwp%2Fv2%2Fcategories&post=8691"},{"taxonomy":"post_tag","embeddable":true,"href":"https:\/\/atecordoba.org\/index.php?rest_route=%2Fwp%2Fv2%2Ftags&post=8691"}],"curies":[{"name":"wp","href":"https:\/\/api.w.org\/{rel}","templated":true}]}}