{"id":8685,"date":"2017-06-15T12:59:42","date_gmt":"2017-06-15T15:59:42","guid":{"rendered":"http:\/\/www.atecordoba.org\/?p=8685"},"modified":"2017-06-15T12:59:42","modified_gmt":"2017-06-15T15:59:42","slug":"el-paro-nacional-tuvo-cumplimiento-efectivo-en-villa-maria","status":"publish","type":"post","link":"https:\/\/atecordoba.org\/?p=8685","title":{"rendered":"El paro nacional tuvo cumplimiento efectivo en Villa Mar\u00eda"},"content":{"rendered":"<p><em>Abandono de tareas y conferencia de prensa con organizaciones sociales que apoyaron la medida de fuerza.<\/em><\/p>\n<p><img loading=\"lazy\" decoding=\"async\" class=\"aligncenter size-full wp-image-8686\" src=\"http:\/\/www.atecordoba.org\/wp-content\/uploads\/2017\/06\/IMG-20170614-WA0027-e1497536055591.jpg\" alt=\"\" width=\"550\" height=\"309\"><\/p>\n<p>En el marco de la jornada de paro nacional impulsado por el Consejo Directivo Nacional de ATE (CDN) los estatales nucleados en la F\u00e1brica Militar de P\u00f3lvoras de Villa Mar\u00eda &nbsp;se reunieron &nbsp;al mediod\u00eda junto a otras organizaciones pol\u00edticas, sociales y sindicales, para unir acciones ante los anuncios de nuevos ajustes, que implicar\u00edan despidos en el Estado posterior a las elecciones.<\/p>\n<p>Todo esto se suma despu\u00e9s de los anuncios del gobierno del presidente Macri sobre &nbsp;pr\u00f3ximas fusiones de diferentes \u00e1reas y desaparici\u00f3n de reparticiones p\u00fablicas, &nbsp;que implicar\u00edan un fuerte ajuste con futuros despidos, a concretarse luego de las elecciones legislativas de octubre.<\/p>\n<p><img loading=\"lazy\" decoding=\"async\" class=\"aligncenter size-full wp-image-8687\" src=\"http:\/\/www.atecordoba.org\/wp-content\/uploads\/2017\/06\/IMG-20170614-WA0023-e1497536082593.jpg\" alt=\"\" width=\"550\" height=\"309\"><\/p>\n<p>En Villa&nbsp;Mar\u00eda, los trabajadores de la F\u00e1brica Militar han desarrollado dos d\u00edas de asambleas.&nbsp;Ayer,&nbsp;luego de una asamblea a primera hora se defini\u00f3 hacer un abandono de tareas &nbsp;para posteriormente, pasado el mediod\u00eda, concentrarse en la sede sindical donde se realiz\u00f3 una conferencia ampliada con la prensa local. En la oportunidad, hubo el acompa\u00f1amiento de diferentes sectores de la comunidad, entre ellos organizaciones sociales, pol\u00edticas y sindicales, entre los que se destacaron &nbsp;el Foro de mujeres de Villa&nbsp;Mar\u00eda y FUVIMAP.<\/p>\n<p>&nbsp;En unas de las notas concedidas a la prensa el Secretario General de la (CTA-Autonoma) Jos\u00e9 Gorozo en se\u00f1al\u00f3 que \u201cla situaci\u00f3n que atraviesa la F\u00e1brica de P\u00f3lvoras y todo el complejo industrial militar es muy complicada\u201d. Agreg\u00f3 que el ajuste poselectoral genera mucha preocupaci\u00f3n no s\u00f3lo en fabricaciones sino en el resto del Estado y ratific\u00f3\u201d la defensa irrestricta de los trabajadores de todos los organismos\u201d.<\/p>\n<p><img loading=\"lazy\" decoding=\"async\" class=\"aligncenter size-full wp-image-8688\" src=\"http:\/\/www.atecordoba.org\/wp-content\/uploads\/2017\/06\/IMG-20170614-WA0025-e1497536105199.jpg\" alt=\"\" width=\"550\" height=\"309\"><\/p>\n<p>En el encuentro, abierto a la prensa, los empleados nucleados en el ATE Villa Mar\u00eda &nbsp; dieron &nbsp;a conocer diferentes acciones comunes con instituciones de Villa&nbsp;Mar\u00eda, en defensa del polvor\u00edn, no s\u00f3lo por los puestos de trabajo que generan consumo en la ciudad sino por la historia de la industria ,que cumpli\u00f3 80 a\u00f1os de vida el pasado&nbsp;31 de mayo.<\/p>\n<p>As\u00ed mismo se confirm\u00f3 una reuni\u00f3n de ATE VM con los empresarios nucleados en la Asociaci\u00f3n de Empresarios de la Regi\u00f3n Centro Argentino (AERCA), a quienes le explicar\u00e1n la situaci\u00f3n de la planta local.<\/p>\n<p>&nbsp;<\/p>\n","protected":false},"excerpt":{"rendered":"<p>Abandono de tareas y conferencia de prensa con organizaciones sociales que apoyaron la medida de fuerza. En el marco de la jornada de paro nacional impulsado por el Consejo Directivo Nacional de ATE (CDN) los estatales nucleados en la F\u00e1brica Militar de P\u00f3lvoras de Villa Mar\u00eda &nbsp;se reunieron &nbsp;al mediod\u00eda junto a otras organizaciones pol\u00edticas, [&hellip;]<\/p>\n","protected":false},"author":1,"featured_media":19220,"comment_status":"open","ping_status":"open","sticky":false,"template":"","format":"standard","meta":{"_exactmetrics_skip_tracking":false,"_exactmetrics_sitenote_active":false,"_exactmetrics_sitenote_note":"","_exactmetrics_sitenote_category":0,"jnews-multi-image_gallery":[],"jnews_single_post":[],"jnews_primary_category":[],"jnews_social_meta":[],"jnews_review":[],"enable_review":"","type":"","name":"","summary":"","brand":"","sku":"","good":[],"bad":[],"score_override":"","override_value":"","rating":[],"price":[],"jnews_override_counter":[],"jnews_post_split":[],"footnotes":""},"categories":[21],"tags":[],"class_list":["post-8685","post","type-post","status-publish","format-standard","has-post-thumbnail","hentry","category-paro-nacional"],"jetpack_featured_media_url":"https:\/\/atecordoba.org\/wp-content\/uploads\/2020\/05\/logo-nuevochico-e1561581322808.png","_links":{"self":[{"href":"https:\/\/atecordoba.org\/index.php?rest_route=\/wp\/v2\/posts\/8685","targetHints":{"allow":["GET"]}}],"collection":[{"href":"https:\/\/atecordoba.org\/index.php?rest_route=\/wp\/v2\/posts"}],"about":[{"href":"https:\/\/atecordoba.org\/index.php?rest_route=\/wp\/v2\/types\/post"}],"author":[{"embeddable":true,"href":"https:\/\/atecordoba.org\/index.php?rest_route=\/wp\/v2\/users\/1"}],"replies":[{"embeddable":true,"href":"https:\/\/atecordoba.org\/index.php?rest_route=%2Fwp%2Fv2%2Fcomments&post=8685"}],"version-history":[{"count":0,"href":"https:\/\/atecordoba.org\/index.php?rest_route=\/wp\/v2\/posts\/8685\/revisions"}],"wp:featuredmedia":[{"embeddable":true,"href":"https:\/\/atecordoba.org\/index.php?rest_route=\/wp\/v2\/media\/19220"}],"wp:attachment":[{"href":"https:\/\/atecordoba.org\/index.php?rest_route=%2Fwp%2Fv2%2Fmedia&parent=8685"}],"wp:term":[{"taxonomy":"category","embeddable":true,"href":"https:\/\/atecordoba.org\/index.php?rest_route=%2Fwp%2Fv2%2Fcategories&post=8685"},{"taxonomy":"post_tag","embeddable":true,"href":"https:\/\/atecordoba.org\/index.php?rest_route=%2Fwp%2Fv2%2Ftags&post=8685"}],"curies":[{"name":"wp","href":"https:\/\/api.w.org\/{rel}","templated":true}]}}