{"id":8677,"date":"2017-06-15T12:57:49","date_gmt":"2017-06-15T15:57:49","guid":{"rendered":"http:\/\/www.atecordoba.org\/?p=8677"},"modified":"2017-06-15T12:57:49","modified_gmt":"2017-06-15T15:57:49","slug":"masiva-movilizacion-de-ate-y-la-cta-a-contra-el-gobierno-en-el-paro-nacional-realizado-ayer","status":"publish","type":"post","link":"https:\/\/atecordoba.org\/?p=8677","title":{"rendered":"Masiva movilizaci\u00f3n de ATE y la CTA-A contra el Gobierno en el paro nacional realizado ayer"},"content":{"rendered":"<p><em>Un r\u00edo de trabajadores y trabajadoras confluy\u00f3 en la movilizaci\u00f3n hacia el Congreso, en el marco del Paro Nacional de ATE.<\/em><\/p>\n<div class=\"epyt-video-wrapper\"><iframe loading=\"lazy\"  style=\"display: block; margin: 0px auto;\"  id=\"_ytid_62943\"  width=\"480\" height=\"270\"  data-origwidth=\"480\" data-origheight=\"270\" src=\"https:\/\/www.youtube.com\/embed\/UUr-vxu2LXI?enablejsapi=1&#038;autoplay=0&#038;cc_load_policy=0&#038;cc_lang_pref=&#038;iv_load_policy=3&#038;loop=0&#038;rel=0&#038;fs=1&#038;playsinline=0&#038;autohide=2&#038;theme=dark&#038;color=red&#038;controls=1&#038;disablekb=0&#038;\" class=\"__youtube_prefs__  epyt-is-override  no-lazyload\" title=\"YouTube player\"  allow=\"fullscreen; accelerometer; autoplay; clipboard-write; encrypted-media; gyroscope; picture-in-picture; web-share\" referrerpolicy=\"strict-origin-when-cross-origin\" allowfullscreen data-no-lazy=\"1\" data-skipgform_ajax_framebjll=\"\"><\/iframe><\/div>\n<p>Este 14 de junio, la Asociaci\u00f3n de Trabajadores del Estado protagoniz\u00f3 en todo el pa\u00eds una jornada de paro y movilizaciones. En la Ciudad de Buenos Aires, ATE junto a la CTA-A y otras organizaciones sociales march\u00f3 por la avenida 9 de Julio hacia el Congreso Nacional para exigir el cese de la persecuci\u00f3n a los luchadores y luchadoras sociales. Solo en los \u00faltimos 15 meses, 400 militantes fueron procesados por reclamar.<\/p>\n<p><img loading=\"lazy\" decoding=\"async\" class=\"aligncenter size-full wp-image-8678\" src=\"http:\/\/www.atecordoba.org\/wp-content\/uploads\/2017\/06\/acto-nacional-e1497535049811.jpg\" alt=\"\" width=\"550\" height=\"367\"><\/p>\n<p>La jornada se hab\u00eda iniciado al medio d\u00eda cuando las organizaciones concentraron frente al Ministerio de Desarrollo Social. All\u00ed los trabajadores y trabajadoras de Salud realizaron una olla popular como s\u00edmbolo de la uni\u00f3n de la lucha sindical y de los barrios, que trajeron el reclamo por la universalizaci\u00f3n de la Ley de Emergencia Social. Luego, las columnas desbordaron la 9 de julio y marcharon por Avenida de Mayo hasta el Congreso Nacional.<\/p>\n<p><img loading=\"lazy\" decoding=\"async\" class=\"aligncenter size-full wp-image-8679\" src=\"http:\/\/www.atecordoba.org\/wp-content\/uploads\/2017\/06\/cachorro-e1497535085503.jpg\" alt=\"\" width=\"550\" height=\"359\"><\/p>\n<p>Por el CDN estuvieron presentes Mario Mu\u00f1oz, Secretario Gremial; Silvia Le\u00f3n, Secretaria de Organizaci\u00f3n; Mar\u00eda Teresa Romero, Secretaria de Formaci\u00f3n; Marta Galante, Directora de G\u00e9nero. Asimismo, dijeron presente dirigentes de CTA Nacional, CTA Capital y CTA Buenos Aires, de la UST, Frente Salvador Herrera, Movimiento de Barrios y Villas Germ\u00e1n Abdala, AAPM, MAP, MAR, Cicop, CONADU Hist\u00f3rica, FESPROSA, Judiciales, Ruca Huenney, Chicos del Sur y en la Corriente Clasista y Combativa. &nbsp;Adem\u00e1s acompa\u00f1aron los trabajadores y trabajadoras organizadas en APOPS y en la Federaci\u00f3n de Aceiteros.<\/p>\n<p>El Secretario General de ATE Nacional abri\u00f3 el acto pidiendo \u201cuna licencia\u201d a las organizaciones. As\u00ed, porque \u201choy el centro de nuestro reclamo reivindicativo est\u00e1 en la denuncia por la criminalizaci\u00f3n de la protesta\u201d. En ese sentido, inform\u00f3 que ATE y CTA-A presentar\u00e1n un proyecto de ley contra la judicializaci\u00f3n de la protesta y record\u00f3 los casos de los dirigentes de R\u00edo Negro, Rodolfo Aguiar y Aldo Capretti, liberados recientemente.<\/p>\n<p><img loading=\"lazy\" decoding=\"async\" class=\"aligncenter size-full wp-image-8680\" src=\"http:\/\/www.atecordoba.org\/wp-content\/uploads\/2017\/06\/columna-2-e1497535124432.jpg\" alt=\"\" width=\"550\" height=\"367\"><\/p>\n<p>\u201cHoy estamos ac\u00e1 porque el pueblo argentino no se resigna a que como ovejas nos lleven al abismo de la destrucci\u00f3n de nuestra sociedad y nuestras nacionales, y decimos con fuerza que este paro y movilizaci\u00f3n es solamente&nbsp; una peque\u00f1a parte de la lucha que habr\u00e1 de continuar\u201d, expres\u00f3 \u201cCachorro\u201d.<\/p>\n<p>As\u00ed, ATE estar\u00e1 nuevamente en la calle en &nbsp;la marcha de jubilados de fines de junio &nbsp;y cuando sesione el Consejo del Salario M\u00ednimo, Vital y M\u00f3vil para exigir que este sea de $14.500.<\/p>\n<p>Aldo Capretti, recientemente liberado gracias a la presi\u00f3n popular y de la organizaci\u00f3n, agradeci\u00f3 a todos los presentes el cari\u00f1o que les hicieron llegar durante los 9 d\u00edas de detenci\u00f3n y afirm\u00f3: \u201cQueremos decirle al presidente Macri y a todos los gobernadores, y a los jueces adictos de este gobierno que el pueblo argentino no dio la lucha contra la dictadura para rendirse a los designios de las transnacionales ni de los millonarios de este pa\u00eds\u201d.<\/p>\n<p><img loading=\"lazy\" decoding=\"async\" class=\"aligncenter size-full wp-image-8681\" src=\"http:\/\/www.atecordoba.org\/wp-content\/uploads\/2017\/06\/bombos-e1497535163596.jpg\" alt=\"\" width=\"550\" height=\"367\"><\/p>\n<p><strong>Por un Estado al servicio de las mayor\u00edas populares<\/strong><\/p>\n<p>Oscar \u201cel colo\u201d De Isasi, Secretario General de la CTAA Buenos Aires, salud\u00f3 a los m\u00e1s de 20 mil compa\u00f1eros y compa\u00f1eras que movilizaron. Asimismo valor\u00f3 la contundencia del paro que realizaron estatales, profesionales de la salud, la educaci\u00f3n y Judiciales en toda la provincia de Buenos Aires: \u201cY venimos ac\u00e1 a defender el salario y la fuente laboral, por eso reiteramos la exigencia del pase a planta permanente, el fin de los despidos en el Estado y en el sector privado, porque no estamos dispuestos a que la crisis la paguen los trabajadores\u201d.<\/p>\n<p>Por otro lado, De Isasi pidi\u00f3 tambi\u00e9n por \u201cun Estado al servicio de las mayor\u00edas populares, que garanticen el salario social complementario a todas las personas que lo necesiten; proyectos de educaci\u00f3n al servicio de un proyecto de naci\u00f3n al servicio de la liberaci\u00f3n; que se invierta en el sistema p\u00fablico de salud y un Salario M\u00ednimo vital y M\u00f3vil que posibilite a los trabajadores y sus familias que miren con felicidad el futuro\u201d.<\/p>\n<p><strong>Sensibilidad Social Cero<\/strong><\/p>\n<p>Por su parte, las organizaciones del campo popular se hicieron presentes levantando las reivindicaciones por la universalizaci\u00f3n de la Ley de Emergencia Social, del&nbsp; salario social complementario y la Emergencia Alimentaria para todos los comedores.<\/p>\n<p>Juan Carlos Giuliani, Secretario de Relaciones Institucionales de CTA Aut\u00f3noma dijo: \u201cEstamos ac\u00e1, las organizaciones sociales y sindicales&nbsp; para marcarle la cancha a este Gobierno de derecha, neoliberal y oligarca, un Gobierno que tiene una sensibilidad social igual a cero\u201d, agreg\u00f3 al repudiar el quite de las pensiones a los discapacitados y el recorte de los medicamentos a los jubilados.<\/p>\n<p><img loading=\"lazy\" decoding=\"async\" class=\"aligncenter size-full wp-image-8682\" src=\"http:\/\/www.atecordoba.org\/wp-content\/uploads\/2017\/06\/columna-e1497535216987.jpg\" alt=\"\" width=\"550\" height=\"367\"><\/p>\n<p>Mario Barrios, Secretario de Acci\u00f3n Social de la CTA Aut\u00f3noma subray\u00f3 la unidad de la lucha sindical y de las organizaciones sociales. Y agreg\u00f3: \u201cVamos a pelear por trabajo digno, no solo por bolsones de comida, pero hoy necesitamos con urgencia esta ley de emergencia alimentaria para todos los comedores y la universalizaci\u00f3n del salario social complementario\u201d.<\/p>\n<p>En ese sentido tambi\u00e9n se expres\u00f3 Freddy Mari\u00f1o, de la Mesa Nacional de la Corriente Clasista y Combativa, quien &nbsp;resalt\u00f3 la importancia de construir la unidad porque \u201cMacri agudiza el hambre\u201d. &nbsp;<\/p>\n<p>Semillas para construir el pa\u00eds que queremos<\/p>\n<p>Para cerrar el acto, habl\u00f3 el Secretario General Adjunto de la CTA Aut\u00f3noma, quien trajo el mensaje solidario de Nora Corti\u00f1as, Madre de Plaza de Mayo L\u00ednea Fundadora. \u201cEl paro que se est\u00e1 haciendo en la administraci\u00f3n p\u00fablica en todo el pa\u00eds, y las movilizaciones en todas las ciudades demuestran que no pueden ni podr\u00e1n contra el pueblo y la clase trabajadora\u201d, afirm\u00f3 Ricardo Peidro.<\/p>\n<p>Finalmente ratific\u00f3: \u201cCuando creen que pueden avanzar sobre nuestros derechos, jugamos a favor con nuestra historia porque no nos hemos rendido. Nos vemos en cada triunfo, en cada lucha, en cada movilizaci\u00f3n que ser\u00e1n las semillas para construir el pa\u00eds que queremos\u201d.<\/p>\n","protected":false},"excerpt":{"rendered":"<p>Un r\u00edo de trabajadores y trabajadoras confluy\u00f3 en la movilizaci\u00f3n hacia el Congreso, en el marco del Paro Nacional de ATE. Este 14 de junio, la Asociaci\u00f3n de Trabajadores del Estado protagoniz\u00f3 en todo el pa\u00eds una jornada de paro y movilizaciones. En la Ciudad de Buenos Aires, ATE junto a la CTA-A y otras [&hellip;]<\/p>\n","protected":false},"author":1,"featured_media":19220,"comment_status":"open","ping_status":"open","sticky":false,"template":"","format":"standard","meta":{"_exactmetrics_skip_tracking":false,"_exactmetrics_sitenote_active":false,"_exactmetrics_sitenote_note":"","_exactmetrics_sitenote_category":0,"jnews-multi-image_gallery":[],"jnews_single_post":[],"jnews_primary_category":[],"jnews_social_meta":[],"jnews_review":[],"enable_review":"","type":"","name":"","summary":"","brand":"","sku":"","good":[],"bad":[],"score_override":"","override_value":"","rating":[],"price":[],"jnews_override_counter":[],"jnews_post_split":[],"footnotes":""},"categories":[21],"tags":[],"class_list":["post-8677","post","type-post","status-publish","format-standard","has-post-thumbnail","hentry","category-paro-nacional"],"jetpack_featured_media_url":"https:\/\/atecordoba.org\/wp-content\/uploads\/2020\/05\/logo-nuevochico-e1561581322808.png","_links":{"self":[{"href":"https:\/\/atecordoba.org\/index.php?rest_route=\/wp\/v2\/posts\/8677","targetHints":{"allow":["GET"]}}],"collection":[{"href":"https:\/\/atecordoba.org\/index.php?rest_route=\/wp\/v2\/posts"}],"about":[{"href":"https:\/\/atecordoba.org\/index.php?rest_route=\/wp\/v2\/types\/post"}],"author":[{"embeddable":true,"href":"https:\/\/atecordoba.org\/index.php?rest_route=\/wp\/v2\/users\/1"}],"replies":[{"embeddable":true,"href":"https:\/\/atecordoba.org\/index.php?rest_route=%2Fwp%2Fv2%2Fcomments&post=8677"}],"version-history":[{"count":0,"href":"https:\/\/atecordoba.org\/index.php?rest_route=\/wp\/v2\/posts\/8677\/revisions"}],"wp:featuredmedia":[{"embeddable":true,"href":"https:\/\/atecordoba.org\/index.php?rest_route=\/wp\/v2\/media\/19220"}],"wp:attachment":[{"href":"https:\/\/atecordoba.org\/index.php?rest_route=%2Fwp%2Fv2%2Fmedia&parent=8677"}],"wp:term":[{"taxonomy":"category","embeddable":true,"href":"https:\/\/atecordoba.org\/index.php?rest_route=%2Fwp%2Fv2%2Fcategories&post=8677"},{"taxonomy":"post_tag","embeddable":true,"href":"https:\/\/atecordoba.org\/index.php?rest_route=%2Fwp%2Fv2%2Ftags&post=8677"}],"curies":[{"name":"wp","href":"https:\/\/api.w.org\/{rel}","templated":true}]}}