{"id":8672,"date":"2017-06-15T13:01:39","date_gmt":"2017-06-15T16:01:39","guid":{"rendered":"http:\/\/www.atecordoba.org\/?p=8672"},"modified":"2020-07-02T11:36:45","modified_gmt":"2020-07-02T14:36:45","slug":"paro-nacional-el-cdp-se-movilizo-al-aeropuerto","status":"publish","type":"post","link":"https:\/\/atecordoba.org\/?p=8672","title":{"rendered":"Paro nacional: el CDP se moviliz\u00f3 al aeropuerto"},"content":{"rendered":"<p><em>Se realiz\u00f3 un acto con los compa\u00f1eros de la Anac que est\u00e1 en un plan de lucha y lograron recientemente su incorporaci\u00f3n al convenio&nbsp;214.<\/em><\/p>\n<div class=\"epyt-video-wrapper\"><iframe loading=\"lazy\"  style=\"display: block; margin: 0px auto;\"  id=\"_ytid_31986\"  width=\"480\" height=\"270\"  data-origwidth=\"480\" data-origheight=\"270\" src=\"https:\/\/www.youtube.com\/embed\/ajzoq9uLXpc?enablejsapi=1&#038;autoplay=0&#038;cc_load_policy=0&#038;cc_lang_pref=&#038;iv_load_policy=3&#038;loop=0&#038;rel=0&#038;fs=1&#038;playsinline=0&#038;autohide=2&#038;theme=dark&#038;color=red&#038;controls=1&#038;disablekb=0&#038;\" class=\"__youtube_prefs__  epyt-is-override  no-lazyload\" title=\"YouTube player\"  allow=\"fullscreen; accelerometer; autoplay; clipboard-write; encrypted-media; gyroscope; picture-in-picture; web-share\" referrerpolicy=\"strict-origin-when-cross-origin\" allowfullscreen data-no-lazy=\"1\" data-skipgform_ajax_framebjll=\"\"><\/iframe><\/div>\n<p>&nbsp;<\/p>\n<p>En cumplimiento del paro nacional dispuesto ayer por ATE en todo el pa\u00eds, el Consejo Directivo Provincial llev\u00f3 a cabo ayer un acto en el Aeropuerto, donde los trabajadores de la Administraci\u00f3n Nacional de Aviaci\u00f3n Civil (ANAC) vienen reclamando, con diversas medidas de fuerza, una garant\u00eda de la continuidad de sus puestos de trabajo.<\/p>\n<p>En la oportunidad estuvieron presentes miembros de Comisi\u00f3n Directiva encabezados por nuestra secretaria General, Mar\u00eda Liliana Salerno, junto a delegados de diversos sectores de organismos nacionales.&nbsp;<\/p>\n<p><img loading=\"lazy\" decoding=\"async\" class=\"aligncenter size-full wp-image-8673\" src=\"http:\/\/www.atecordoba.org\/wp-content\/uploads\/2017\/06\/20170614_123755-e1497531112406.jpg\" alt=\"\" width=\"550\" height=\"309\"><\/p>\n<p>Durante el acto, la secretaria General de ATE C\u00f3rdoba, reclam\u00f3 el fin de la criminalizaci\u00f3n de la protesta y cit\u00f3 el caso de los dirigentes de ATE de R\u00edo Negro, como claro ejemplo de la persecuci\u00f3n que sufren dirigentes de nuestro gremio. &#8220;Adem\u00e1s no estamos de acuerdo con la pauta salarial que otorga el gobierno nacional y estamos pidiendo que se revea la negociaci\u00f3n. Porque&nbsp;estamos pidiendo el 38% de incremento salarial y el gobierno otorg\u00f3 el 20%, as\u00ed que hay una gran diferencia&#8221;, se\u00f1al\u00f3 la dirigente.<\/p>\n<p><img loading=\"lazy\" decoding=\"async\" class=\"aligncenter size-full wp-image-8674\" src=\"http:\/\/www.atecordoba.org\/wp-content\/uploads\/2017\/06\/20170614_114803-e1497531830361.jpg\" alt=\"\" width=\"550\" height=\"309\"><\/p>\n<p><strong>Anac<\/strong><\/p>\n<p>Sobre los trabajadores de la ANAC, Salerno anunci\u00f3 que&nbsp;los trabajadores del sector firmaron un acuerdo para ser incorporados al convenio 214 que rige los salarios del Estado nacional en su conjunto. &#8220;Es un avance despu\u00e9s de sostener el reclamo por parte de ATE durante muchos a\u00f1os. Ahora se ver\u00e1 si hasta fin de a\u00f1o se puede dar respuesta a reclamos espec\u00edficos de la carrera&#8221;, afirm\u00f3. &nbsp;<\/p>\n<p><img loading=\"lazy\" decoding=\"async\" class=\"aligncenter size-full wp-image-8675\" src=\"http:\/\/www.atecordoba.org\/wp-content\/uploads\/2017\/06\/20170614_114951-e1497531958102.jpg\" alt=\"\" width=\"550\" height=\"309\"><\/p>\n<p>Se destac\u00f3 el buen momento que vive ATE en el sector ya que todos los compa\u00f1eros y las organizaciones sindicales del aeropuerto Ezeiza est\u00e1n participando de las convocatorias de nuestro gremio. &#8220;Si hay unidad podemos resistir la andanada de ajustes que se anuncia en todos los organismos nacionales, con las versiones de despidos despu\u00e9s de las elecciones&#8221;, dijo la secretaria General.&nbsp;El ingreso al 214 se concretar\u00e1 a fin de mes.<\/p>\n<p>En ese marco, ATE sigue reclamando el convenio colectivo de trabajo sectorial y el ingreso de m\u00e1s personal ya que faltan trabajadores en los servicios auxiliares, tanto para los bomberos que asisten a las emergencias, los servicios de control terrestre y sanidad aeroportuaria. Este panorama se puede incrementar con al incorporaci\u00f3n de las llamadas empresas &#8216;low cost&#8217; que el gobierno est\u00e1 sumando&nbsp;en los vuelos de cabotaje.<\/p>\n<p><img loading=\"lazy\" decoding=\"async\" class=\"aligncenter size-full wp-image-8676\" src=\"http:\/\/www.atecordoba.org\/wp-content\/uploads\/2017\/06\/20170614_121825-e1497532220780.jpg\" alt=\"\" width=\"550\" height=\"309\"><\/p>\n<p>&#8220;Tambi\u00e9n tenemos problem\u00e1ticas en lo referido a infraestructura, falta vestimenta de higiene y seguridad, entre otros reclamos que venimos arrastrando desde administraciones anteriores &nbsp;y que contin\u00faan vigentes&#8221;, explic\u00f3 integrante de la coordinadora ATE-Anac, Edtih&nbsp;Innamorato.<\/p>\n<p>ATE reclama tambi\u00e9n garant\u00edas de continuidad laboral para compa\u00f1eros de aeropuertos anexados a Enea, que el Ministerio de Transporte se hab\u00eda comprometido a reubicar en la Anac.<\/p>\n<p>&nbsp;A su vez, el delegado Rafael Asturdillo, denunci\u00f3 que &#8220;a este gobierno no le importa lo que el trabajador quiere. Est\u00e1n dejando devastada a la Anac, desarticulando los servicios auxiliares, negando la posibilidad a los inspectores de seguridad aeron\u00e1utica de salir a hacer su trabajo. Tratamos de llegar a un acuerdo con la Anac pero la patronal cierra las puertas y los grifos, por ejemplo, para los compa\u00f1eros que necesitan el reencasillamiento&#8221;. &nbsp;<\/p>\n<p>Para ma\u00f1ana viernes est\u00e1 previsto realizar en C\u00f3rdoba un plenario regional de la Anac Regi\u00f3n Centro y Cuyo, para evaluar los pasos a seguir.<\/p>\n<p>&nbsp;<\/p>\n","protected":false},"excerpt":{"rendered":"<p>Se realiz\u00f3 un acto con los compa\u00f1eros de la Anac que est\u00e1 en un plan de lucha y lograron recientemente su incorporaci\u00f3n al convenio&nbsp;214. &nbsp; En cumplimiento del paro nacional dispuesto ayer por ATE en todo el pa\u00eds, el Consejo Directivo Provincial llev\u00f3 a cabo ayer un acto en el Aeropuerto, donde los trabajadores de [&hellip;]<\/p>\n","protected":false},"author":1,"featured_media":19220,"comment_status":"open","ping_status":"open","sticky":false,"template":"","format":"standard","meta":{"_exactmetrics_skip_tracking":false,"_exactmetrics_sitenote_active":false,"_exactmetrics_sitenote_note":"","_exactmetrics_sitenote_category":0,"jnews-multi-image_gallery":[],"jnews_single_post":[],"jnews_primary_category":[],"jnews_social_meta":[],"jnews_review":[],"enable_review":"","type":"","name":"","summary":"","brand":"","sku":"","good":[],"bad":[],"score_override":"","override_value":"","rating":[],"price":[],"jnews_override_counter":[],"jnews_post_split":[],"footnotes":""},"categories":[341,18],"tags":[33,347,32],"class_list":["post-8672","post","type-post","status-publish","format-standard","has-post-thumbnail","hentry","category-cdp","category-nacionales","tag-anac","tag-movimiento-aeronautico-cordobes-mac","tag-paro"],"jetpack_featured_media_url":"https:\/\/atecordoba.org\/wp-content\/uploads\/2020\/05\/logo-nuevochico-e1561581322808.png","_links":{"self":[{"href":"https:\/\/atecordoba.org\/index.php?rest_route=\/wp\/v2\/posts\/8672","targetHints":{"allow":["GET"]}}],"collection":[{"href":"https:\/\/atecordoba.org\/index.php?rest_route=\/wp\/v2\/posts"}],"about":[{"href":"https:\/\/atecordoba.org\/index.php?rest_route=\/wp\/v2\/types\/post"}],"author":[{"embeddable":true,"href":"https:\/\/atecordoba.org\/index.php?rest_route=\/wp\/v2\/users\/1"}],"replies":[{"embeddable":true,"href":"https:\/\/atecordoba.org\/index.php?rest_route=%2Fwp%2Fv2%2Fcomments&post=8672"}],"version-history":[{"count":1,"href":"https:\/\/atecordoba.org\/index.php?rest_route=\/wp\/v2\/posts\/8672\/revisions"}],"predecessor-version":[{"id":20552,"href":"https:\/\/atecordoba.org\/index.php?rest_route=\/wp\/v2\/posts\/8672\/revisions\/20552"}],"wp:featuredmedia":[{"embeddable":true,"href":"https:\/\/atecordoba.org\/index.php?rest_route=\/wp\/v2\/media\/19220"}],"wp:attachment":[{"href":"https:\/\/atecordoba.org\/index.php?rest_route=%2Fwp%2Fv2%2Fmedia&parent=8672"}],"wp:term":[{"taxonomy":"category","embeddable":true,"href":"https:\/\/atecordoba.org\/index.php?rest_route=%2Fwp%2Fv2%2Fcategories&post=8672"},{"taxonomy":"post_tag","embeddable":true,"href":"https:\/\/atecordoba.org\/index.php?rest_route=%2Fwp%2Fv2%2Ftags&post=8672"}],"curies":[{"name":"wp","href":"https:\/\/api.w.org\/{rel}","templated":true}]}}