{"id":8669,"date":"2017-06-13T14:31:38","date_gmt":"2017-06-13T17:31:38","guid":{"rendered":"http:\/\/www.atecordoba.org\/?p=8669"},"modified":"2017-06-13T14:31:38","modified_gmt":"2017-06-13T17:31:38","slug":"paro-nacional-de-ate","status":"publish","type":"post","link":"https:\/\/atecordoba.org\/?p=8669","title":{"rendered":"Paro nacional de ATE"},"content":{"rendered":"<p><em>Ma\u00f1ana 14 de junio ATE realizar\u00e1 un paro nacional en reclamo de salarios dignos, rechazo a la pauta nacional y cese de los despidos.<\/em><\/p>\n<p><img loading=\"lazy\" decoding=\"async\" class=\"aligncenter size-full wp-image-8670\" src=\"http:\/\/www.atecordoba.org\/wp-content\/uploads\/2017\/06\/paro-nacional-14-6-e1497375066816.jpg\" alt=\"\" width=\"550\" height=\"978\"><\/p>\n<p>Hugo &#8220;Cachorro&#8221; Godoy inform\u00f3 el paro de ATE en conferencia de prensa y asegur\u00f3 que adem\u00e1s los estatales estar\u00e1n de paro &#8220;vamos a parar en el Estado Nacional, provincial y Municipal en todo el pa\u00eds&#8221;. Y inform\u00f3 que el titular de la Asociaci\u00f3n del Personal de los Organismos de Previsi\u00f3n Social (APOPS)Leonardo Fabre le comunic\u00f3 su adhesi\u00f3n a la Jornada. Godoy denunci\u00f3 adem\u00e1s el intento de vaciamiento del ANSES al tiempo que anunci\u00f3 el inicio de un plan de lucha contra para frenar el desguace de este organismo p\u00fablico.<\/p>\n<p>El titular de ATE insisti\u00f3 con la necesidad de terminar con la persecuci\u00f3n a los luchadores populares y dio detalles de las gestiones para presentar el proyecto de Ley contra la crimininalizaci\u00f3n de la protesta social, hizo referencia a los casos quiz\u00e1s m\u00e1s notables como los de R\u00edo Negro y la persecuci\u00f3n a los dirigentes de ATE Rodolfo Aguiar y Aldo Capretti, los dirigentes de los gremios azucareros de Salta y jujuy y lo que actualmente est\u00e1 ocurriendo en C\u00f3rdoba con el conflicto de los trabajadores del transporte: &#8220;Es un instrumento para que nuestra clase trabajadora se rinda, se subordine y se resigne&#8221;.<\/p>\n<p>A su vez, el Conejo Directivo Provincial de ATE informa que la protesta en C\u00f3rdoba se realizar\u00e1 con una concentraci\u00f3n a las 11 horas en las dependencias de la Anac, en el Aeropuerto C\u00f3rdoba.&nbsp;<\/p>\n","protected":false},"excerpt":{"rendered":"<p>Ma\u00f1ana 14 de junio ATE realizar\u00e1 un paro nacional en reclamo de salarios dignos, rechazo a la pauta nacional y cese de los despidos. Hugo &#8220;Cachorro&#8221; Godoy inform\u00f3 el paro de ATE en conferencia de prensa y asegur\u00f3 que adem\u00e1s los estatales estar\u00e1n de paro &#8220;vamos a parar en el Estado Nacional, provincial y Municipal [&hellip;]<\/p>\n","protected":false},"author":1,"featured_media":19220,"comment_status":"open","ping_status":"open","sticky":false,"template":"","format":"standard","meta":{"_exactmetrics_skip_tracking":false,"_exactmetrics_sitenote_active":false,"_exactmetrics_sitenote_note":"","_exactmetrics_sitenote_category":0,"jnews-multi-image_gallery":[],"jnews_single_post":[],"jnews_primary_category":[],"jnews_social_meta":[],"jnews_review":[],"enable_review":"","type":"","name":"","summary":"","brand":"","sku":"","good":[],"bad":[],"score_override":"","override_value":"","rating":[],"price":[],"jnews_override_counter":[],"jnews_post_split":[],"footnotes":""},"categories":[21],"tags":[],"class_list":["post-8669","post","type-post","status-publish","format-standard","has-post-thumbnail","hentry","category-paro-nacional"],"jetpack_featured_media_url":"https:\/\/atecordoba.org\/wp-content\/uploads\/2020\/05\/logo-nuevochico-e1561581322808.png","_links":{"self":[{"href":"https:\/\/atecordoba.org\/index.php?rest_route=\/wp\/v2\/posts\/8669","targetHints":{"allow":["GET"]}}],"collection":[{"href":"https:\/\/atecordoba.org\/index.php?rest_route=\/wp\/v2\/posts"}],"about":[{"href":"https:\/\/atecordoba.org\/index.php?rest_route=\/wp\/v2\/types\/post"}],"author":[{"embeddable":true,"href":"https:\/\/atecordoba.org\/index.php?rest_route=\/wp\/v2\/users\/1"}],"replies":[{"embeddable":true,"href":"https:\/\/atecordoba.org\/index.php?rest_route=%2Fwp%2Fv2%2Fcomments&post=8669"}],"version-history":[{"count":0,"href":"https:\/\/atecordoba.org\/index.php?rest_route=\/wp\/v2\/posts\/8669\/revisions"}],"wp:featuredmedia":[{"embeddable":true,"href":"https:\/\/atecordoba.org\/index.php?rest_route=\/wp\/v2\/media\/19220"}],"wp:attachment":[{"href":"https:\/\/atecordoba.org\/index.php?rest_route=%2Fwp%2Fv2%2Fmedia&parent=8669"}],"wp:term":[{"taxonomy":"category","embeddable":true,"href":"https:\/\/atecordoba.org\/index.php?rest_route=%2Fwp%2Fv2%2Fcategories&post=8669"},{"taxonomy":"post_tag","embeddable":true,"href":"https:\/\/atecordoba.org\/index.php?rest_route=%2Fwp%2Fv2%2Ftags&post=8669"}],"curies":[{"name":"wp","href":"https:\/\/api.w.org\/{rel}","templated":true}]}}