{"id":8665,"date":"2017-06-13T14:18:47","date_gmt":"2017-06-13T17:18:47","guid":{"rendered":"http:\/\/www.atecordoba.org\/?p=8665"},"modified":"2017-06-13T14:18:47","modified_gmt":"2017-06-13T17:18:47","slug":"ate-acompano-el-reclamo-de-los-choferes","status":"publish","type":"post","link":"https:\/\/atecordoba.org\/?p=8665","title":{"rendered":"ATE acompa\u00f1\u00f3 el reclamo de los choferes"},"content":{"rendered":"<p><em>El CDP particip\u00f3 de la movilizaci\u00f3n convocada al frente de la UTA. La secretaria General de ATE habl\u00f3 en el acto.<\/em><\/p>\n<div class=\"epyt-video-wrapper\"><iframe loading=\"lazy\"  style=\"display: block; margin: 0px auto;\"  id=\"_ytid_41538\"  width=\"480\" height=\"270\"  data-origwidth=\"480\" data-origheight=\"270\" src=\"https:\/\/www.youtube.com\/embed\/u9-KGJh8d8E?enablejsapi=1&#038;autoplay=0&#038;cc_load_policy=0&#038;cc_lang_pref=&#038;iv_load_policy=3&#038;loop=0&#038;rel=0&#038;fs=1&#038;playsinline=0&#038;autohide=2&#038;theme=dark&#038;color=red&#038;controls=1&#038;disablekb=0&#038;\" class=\"__youtube_prefs__  epyt-is-override  no-lazyload\" title=\"YouTube player\"  allow=\"fullscreen; accelerometer; autoplay; clipboard-write; encrypted-media; gyroscope; picture-in-picture; web-share\" referrerpolicy=\"strict-origin-when-cross-origin\" allowfullscreen data-no-lazy=\"1\" data-skipgform_ajax_framebjll=\"\"><\/iframe><\/div>\n<p>En el marco de la convocatoria general que llev\u00f3 a cabo ayer la Mesa de Enlace de Gremios de C\u00f3rdoba, ATE se moviliz\u00f3 conjuntamente con miles de trabajadores a las puertas de la UTA, en defensa de los choferes de colectivos que se encuentran en pleno plan de lucha en defensa de su convenio colectivo de trabajo y sus fuentes de trabajo. Las empresas de transporte urbano se niegan a realizar la aplicaci\u00f3n de la paritaria nacional firmada por UTA al convenio C\u00f3rdoba, que establece algunas mejoras significativas respecto a su par nacional.<\/p>\n<p><img loading=\"lazy\" decoding=\"async\" class=\"aligncenter size-full wp-image-8666\" src=\"http:\/\/www.atecordoba.org\/wp-content\/uploads\/2017\/06\/20170612_163737-e1497372697581.jpg\" alt=\"\" width=\"550\" height=\"309\"><\/p>\n<p>Nuestra secretaria General de ATE; Mar\u00eda Liliana Salerno, fue una de las oradoras del acto, donde tambi\u00e9n se expresaron&nbsp;los delegados de base de los choferes, ya que la seccional local de UTA se encuentra intervenida desde el a\u00f1o pasado.<\/p>\n<p>En la oportunidad, acompa\u00f1aron al CDP en la movilizaci\u00f3n los compa\u00f1eros de la seccional R\u00edo Tercero, encabezados por su secretario General Cristian Colman.<\/p>\n<p>A la hora de dirigirse a los presentes, Salerno afirm\u00f3 que &#8220;ATE est\u00e1 en todas las luchas que se realizan en nuestra patria. Sabemos que (el gobierno) viene por la destrucci\u00f3n total del Estado. Y nos s\u00f3lo del Estado, sino de la industria, de las Pymes, de las leyes laborales, de las conquistas que hemos tenido&nbsp;(&#8230; )&#8221;.&nbsp;<\/p>\n<p><img loading=\"lazy\" decoding=\"async\" class=\"aligncenter size-full wp-image-8667\" src=\"http:\/\/www.atecordoba.org\/wp-content\/uploads\/2017\/06\/20170612_155535-e1497372788653.jpg\" alt=\"\" width=\"550\" height=\"309\"><\/p>\n<p>La dirigente aval\u00f3 la plan de lucha que realizan los choferes porque &#8220;nosotros sabemos lo que es sufrir despidos de los organismos nacionales en forma masiva y&nbsp;estamos viendo que despu\u00e9s de octubre van a arrasar en los organismos nacionales. Sabemos lo que es quedarnos sin trabajo y por eso venimos en solidaridad con ustedes&#8221;.<\/p>\n<p>En otro tramo, Salerno asegur\u00f3 que &#8220;nosotros sabemos lo que es sufrir la persecuci\u00f3n pol\u00edtica de este gobierno nacional y de los gobiernos provinciales. Porque es as\u00ed como tenemos compa\u00f1eros en Santa Cruz, en R\u00edo Negro, en Neuqu\u00e9n, en Jujuy, perseguidos pol\u00edticamente, llenos de causas judiciales. Por eso salimos en la defensa de nuestros trabajadores y de todos, sean estatales o privados&#8221;. &nbsp;<\/p>\n<p>ATE continuar\u00e1 participando de la Mesa Enlace de Gremios de C\u00f3rdoba en defensa de todos los puestos de trabajo.<\/p>\n<div class=\"epyt-video-wrapper\"><iframe loading=\"lazy\"  style=\"display: block; margin: 0px auto;\"  id=\"_ytid_77950\"  width=\"480\" height=\"270\"  data-origwidth=\"480\" data-origheight=\"270\" src=\"https:\/\/www.youtube.com\/embed\/gdjGWSVrUtA?enablejsapi=1&#038;autoplay=0&#038;cc_load_policy=0&#038;cc_lang_pref=&#038;iv_load_policy=3&#038;loop=0&#038;rel=0&#038;fs=1&#038;playsinline=0&#038;autohide=2&#038;theme=dark&#038;color=red&#038;controls=1&#038;disablekb=0&#038;\" class=\"__youtube_prefs__  epyt-is-override  no-lazyload\" title=\"YouTube player\"  allow=\"fullscreen; accelerometer; autoplay; clipboard-write; encrypted-media; gyroscope; picture-in-picture; web-share\" referrerpolicy=\"strict-origin-when-cross-origin\" allowfullscreen data-no-lazy=\"1\" data-skipgform_ajax_framebjll=\"\"><\/iframe><\/div>\n<p>&nbsp;<\/p>\n<p>&nbsp;<\/p>\n<p>&nbsp;<\/p>\n","protected":false},"excerpt":{"rendered":"<p>El CDP particip\u00f3 de la movilizaci\u00f3n convocada al frente de la UTA. La secretaria General de ATE habl\u00f3 en el acto. En el marco de la convocatoria general que llev\u00f3 a cabo ayer la Mesa de Enlace de Gremios de C\u00f3rdoba, ATE se moviliz\u00f3 conjuntamente con miles de trabajadores a las puertas de la UTA, [&hellip;]<\/p>\n","protected":false},"author":1,"featured_media":19220,"comment_status":"open","ping_status":"open","sticky":false,"template":"","format":"standard","meta":{"_exactmetrics_skip_tracking":false,"_exactmetrics_sitenote_active":false,"_exactmetrics_sitenote_note":"","_exactmetrics_sitenote_category":0,"jnews-multi-image_gallery":[],"jnews_single_post":[],"jnews_primary_category":[],"jnews_social_meta":[],"jnews_review":[],"enable_review":"","type":"","name":"","summary":"","brand":"","sku":"","good":[],"bad":[],"score_override":"","override_value":"","rating":[],"price":[],"jnews_override_counter":[],"jnews_post_split":[],"footnotes":""},"categories":[10],"tags":[],"class_list":["post-8665","post","type-post","status-publish","format-standard","has-post-thumbnail","hentry","category-accion-politica"],"jetpack_featured_media_url":"https:\/\/atecordoba.org\/wp-content\/uploads\/2020\/05\/logo-nuevochico-e1561581322808.png","_links":{"self":[{"href":"https:\/\/atecordoba.org\/index.php?rest_route=\/wp\/v2\/posts\/8665","targetHints":{"allow":["GET"]}}],"collection":[{"href":"https:\/\/atecordoba.org\/index.php?rest_route=\/wp\/v2\/posts"}],"about":[{"href":"https:\/\/atecordoba.org\/index.php?rest_route=\/wp\/v2\/types\/post"}],"author":[{"embeddable":true,"href":"https:\/\/atecordoba.org\/index.php?rest_route=\/wp\/v2\/users\/1"}],"replies":[{"embeddable":true,"href":"https:\/\/atecordoba.org\/index.php?rest_route=%2Fwp%2Fv2%2Fcomments&post=8665"}],"version-history":[{"count":0,"href":"https:\/\/atecordoba.org\/index.php?rest_route=\/wp\/v2\/posts\/8665\/revisions"}],"wp:featuredmedia":[{"embeddable":true,"href":"https:\/\/atecordoba.org\/index.php?rest_route=\/wp\/v2\/media\/19220"}],"wp:attachment":[{"href":"https:\/\/atecordoba.org\/index.php?rest_route=%2Fwp%2Fv2%2Fmedia&parent=8665"}],"wp:term":[{"taxonomy":"category","embeddable":true,"href":"https:\/\/atecordoba.org\/index.php?rest_route=%2Fwp%2Fv2%2Fcategories&post=8665"},{"taxonomy":"post_tag","embeddable":true,"href":"https:\/\/atecordoba.org\/index.php?rest_route=%2Fwp%2Fv2%2Ftags&post=8665"}],"curies":[{"name":"wp","href":"https:\/\/api.w.org\/{rel}","templated":true}]}}