{"id":8657,"date":"2017-06-13T11:00:51","date_gmt":"2017-06-13T14:00:51","guid":{"rendered":"http:\/\/www.atecordoba.org\/?p=8657"},"modified":"2017-06-13T11:00:51","modified_gmt":"2017-06-13T14:00:51","slug":"la-pastera-en-el-museo-che-guevara-de-alta-gracia","status":"publish","type":"post","link":"https:\/\/atecordoba.org\/?p=8657","title":{"rendered":"La Pastera en el Museo Che Guevara de Alta Gracia"},"content":{"rendered":"<p><em>El Centro de Estudios Che Guevara de Cuba y La Pastera, museo del Che, presentan una coproducci\u00f3n in\u00e9dita sobre la vida de Ernesto Che Guevara&nbsp;de sus viajes por Latinoamerica entre los a\u00f1os 1951 y 1952. La muestra se iniciar\u00e1 ma\u00f1ana jueves 14 a las 18 horas en le Museo de la Casa del Che, en la ciudad de Alta Gracia.<\/em><\/p>\n<p><img loading=\"lazy\" decoding=\"async\" class=\"aligncenter size-full wp-image-8658\" src=\"http:\/\/www.atecordoba.org\/wp-content\/uploads\/2017\/06\/Folleto-La-Pastera-00-e1497362295476.jpg\" alt=\"\" width=\"550\" height=\"373\"><\/p>\n<p>Se trata de una coproducci\u00f3n in\u00e9dita sobre la vida de Ernesto Che Guevara. Este multimedia digital est\u00e1 referido a las cr\u00f3nicas de viaje de Ernesto junto a Alberto Granado por Latinoam\u00e9rica, entre los a\u00f1os 1951 y 1952.<\/p>\n<p>La muestra comenzar\u00e1 ma\u00f1ana a las&nbsp;18&nbsp;con una mesa redonda \u201cLas huellas del Che en Argentina\u201d, a&nbsp;las 19 se realizar\u00e1 la ponencia de Atilio Bor\u00f3n \u201cAm\u00e9rica Lantina a 50 a\u00f1os de la muerte del Che\u201d, a las&nbsp;20.30 se realizar\u00e1 la inauguraci\u00f3n de la Muestra multimedia &#8220;Notas de Viaje&#8221;: el Centro de Estudios Che Guevara de Cuba y La Pastera, museo del Che, presentan la coproducci\u00f3n in\u00e9dita sobre la vida de Ernesto Che Guevara. Este multimedia digital est\u00e1 referido a las cr\u00f3nicas de viaje de Ernesto junto a Alberto Granado por Latinoam\u00e9rica, entre los a\u00f1os 1951 y 1952. El cierre de la jornada se realizar\u00e1 con m\u00fasica \u201cVictimas del Tambor\u201d M\u00fasica afrocubana.<\/p>\n<p><img loading=\"lazy\" decoding=\"async\" class=\"aligncenter size-full wp-image-8659\" src=\"http:\/\/www.atecordoba.org\/wp-content\/uploads\/2017\/06\/Folleto-La-Pastera-01-e1497362334548.jpg\" alt=\"\" width=\"550\" height=\"380\"><\/p>\n<p>A su vez, el jueves se presentar\u00e1 la instalaci\u00f3n de fotograf\u00eda \u201cDescubriendo al Che en la historia de nuestra ciudad\u201d, de&nbsp;9:00 a 11:00 y de 14:00 a 16:00&nbsp;instalaci\u00f3n de fotograf\u00edas y textos en diversos lugares de Alta Gracia donde Ernestito convivi\u00f3 en distintos lugares de la ciudad. La actividad incluye el recorrido especial para escuelas secundarias y terciarios.<\/p>\n<p>En tanto, a las 18 horas, a la actividad a desarrollar ser\u00e1 la presentaci\u00f3n de textos, im\u00e1genes y grabaciones, de Rosario, la ni\u00f1era del Che, en un trabajo realizado por Hugo Di Pascuale.&nbsp;<\/p>\n<p>Seguidamente, a las 19, se llevar\u00e1 a cabo la disertaci\u00f3n del arquitecto Rodolfo Livingston&nbsp;denominada &#8220;Viviendas para la vida real&#8221;, trabajo en el programa de viviendas sociales en Cuba.<br \/>\nPor \u00faltimo, a las 20.30, se realizar\u00e1 la disertaci\u00f3n-charla con Juan Mart\u00edn Guevara, hermano del Che, denominada \u201cEl Che y su legado al futuro\u201d.Ser\u00e1 una exposici\u00f3n de sus vivencias y la actualidad del legado de su hermano.&nbsp;<\/p>\n<p>&nbsp;<\/p>\n","protected":false},"excerpt":{"rendered":"<p>El Centro de Estudios Che Guevara de Cuba y La Pastera, museo del Che, presentan una coproducci\u00f3n in\u00e9dita sobre la vida de Ernesto Che Guevara&nbsp;de sus viajes por Latinoamerica entre los a\u00f1os 1951 y 1952. La muestra se iniciar\u00e1 ma\u00f1ana jueves 14 a las 18 horas en le Museo de la Casa del Che, en [&hellip;]<\/p>\n","protected":false},"author":1,"featured_media":19220,"comment_status":"open","ping_status":"open","sticky":false,"template":"","format":"standard","meta":{"_exactmetrics_skip_tracking":false,"_exactmetrics_sitenote_active":false,"_exactmetrics_sitenote_note":"","_exactmetrics_sitenote_category":0,"jnews-multi-image_gallery":[],"jnews_single_post":[],"jnews_primary_category":[],"jnews_social_meta":[],"jnews_review":[],"enable_review":"","type":"","name":"","summary":"","brand":"","sku":"","good":[],"bad":[],"score_override":"","override_value":"","rating":[],"price":[],"jnews_override_counter":[],"jnews_post_split":[],"footnotes":""},"categories":[10],"tags":[],"class_list":["post-8657","post","type-post","status-publish","format-standard","has-post-thumbnail","hentry","category-accion-politica"],"jetpack_featured_media_url":"https:\/\/atecordoba.org\/wp-content\/uploads\/2020\/05\/logo-nuevochico-e1561581322808.png","_links":{"self":[{"href":"https:\/\/atecordoba.org\/index.php?rest_route=\/wp\/v2\/posts\/8657","targetHints":{"allow":["GET"]}}],"collection":[{"href":"https:\/\/atecordoba.org\/index.php?rest_route=\/wp\/v2\/posts"}],"about":[{"href":"https:\/\/atecordoba.org\/index.php?rest_route=\/wp\/v2\/types\/post"}],"author":[{"embeddable":true,"href":"https:\/\/atecordoba.org\/index.php?rest_route=\/wp\/v2\/users\/1"}],"replies":[{"embeddable":true,"href":"https:\/\/atecordoba.org\/index.php?rest_route=%2Fwp%2Fv2%2Fcomments&post=8657"}],"version-history":[{"count":0,"href":"https:\/\/atecordoba.org\/index.php?rest_route=\/wp\/v2\/posts\/8657\/revisions"}],"wp:featuredmedia":[{"embeddable":true,"href":"https:\/\/atecordoba.org\/index.php?rest_route=\/wp\/v2\/media\/19220"}],"wp:attachment":[{"href":"https:\/\/atecordoba.org\/index.php?rest_route=%2Fwp%2Fv2%2Fmedia&parent=8657"}],"wp:term":[{"taxonomy":"category","embeddable":true,"href":"https:\/\/atecordoba.org\/index.php?rest_route=%2Fwp%2Fv2%2Fcategories&post=8657"},{"taxonomy":"post_tag","embeddable":true,"href":"https:\/\/atecordoba.org\/index.php?rest_route=%2Fwp%2Fv2%2Ftags&post=8657"}],"curies":[{"name":"wp","href":"https:\/\/api.w.org\/{rel}","templated":true}]}}