{"id":8653,"date":"2017-06-13T09:40:06","date_gmt":"2017-06-13T12:40:06","guid":{"rendered":"http:\/\/www.atecordoba.org\/?p=8653"},"modified":"2017-06-13T09:40:06","modified_gmt":"2017-06-13T12:40:06","slug":"la-clate-denuncio-en-la-oit-el-retroceso-en-los-derechos-laborales-en-latinoamerica","status":"publish","type":"post","link":"https:\/\/atecordoba.org\/?p=8653","title":{"rendered":"La CLATE denunci\u00f3 en la OIT  el retroceso en los derechos laborales en Latinoam\u00e9rica"},"content":{"rendered":"<p><em>El presidente de la Confederaci\u00f3n Latinoamericana y del Caribe de Trabajadores Estatales, Julio Fuentes, habl\u00f3 ante la 106\u00aa la Conferencia Internacional del Trabajo, \u00f3rgano supremo de decisiones de la OIT (Organizaci\u00f3n Internacional del Trabajo) este viernes 9 en la ciudad de Ginebra, Suiza. En su discurso critic\u00f3 las pol\u00edticas de ajuste en la regi\u00f3n, los retrocesos en materia de derechos laborales consagrados en OIT, los ataques a la libertad sindical (donde mencion\u00f3 los casos de las detenciones de Milagro Sala y los dirigentes de ATE R\u00edo Negro) y que la migraci\u00f3n sea respetada como un derecho humano, entre otros temas.&nbsp;<\/em><\/p>\n<p><img loading=\"lazy\" decoding=\"async\" class=\"aligncenter size-full wp-image-8654\" src=\"http:\/\/www.atecordoba.org\/wp-content\/uploads\/2017\/06\/Julio_Fuentes_OIT_2017_c-e1497357549803.jpeg\" alt=\"\" width=\"550\" height=\"413\"><\/p>\n<p>Acompa\u00f1ado por una numerosa delegaci\u00f3n el Presidente de la CLATE, Julio Fuentes que tiene a su vez el cargo de Secretario Adjunto de ATE nacional, hizo uso de los cinco minutos previstos para los oradores ante la conferencia OIT. All\u00ed destac\u00f3 que la organizaci\u00f3n cincuentenaria que preside, est\u00e1 presente en 18 pa\u00edses de la regi\u00f3n y es integrada por 87 organizaciones sindicales nacionales que representan a 4.070.000 trabajadores.<\/p>\n<p>Fuentes &nbsp;se dirigi\u00f3 la foro para denunciar que \u201cdesde Am\u00e9rica Latina y el Caribe, los trabajadores del Estado nos encontramos en estado de alerta y movilizaci\u00f3n frente a una crisis econ\u00f3mica que desde el a\u00f1o 2008 no hace m\u00e1s que profundizarse, y cuyas consecuencias negativas tanto gobiernos como empleadores quieren hacer recaer sobre la espalda de nuestros pueblos. Una vez m\u00e1s en la regi\u00f3n vemos c\u00f3mo se le saca a los pobres para darles a los ricos\u201d.<\/p>\n<p><img loading=\"lazy\" decoding=\"async\" class=\"aligncenter size-full wp-image-8655\" src=\"http:\/\/www.atecordoba.org\/wp-content\/uploads\/2017\/06\/delegacion_CLATE_01-e1497357573214.jpeg\" alt=\"\" width=\"550\" height=\"413\"><\/p>\n<p>En tal sentido, el dirigente dijo que &#8220;estamos sufriendo un profundo retroceso en materia de derechos laborales, donde no se respetan siquiera los convenios OIT. Derechos fundamentales como la negociaci\u00f3n colectiva o la libertad sindical est\u00e1n en serio riesgo. Los gobiernos no aceptan el rol central de los trabajadores en el funcionamiento de la econom\u00eda y de los servicios p\u00fablicos a pesar de que, sin nuestra fuerza de trabajo, no hay ni ganancia empresaria ni Estado\u201d.<\/p>\n<p>Y avanz\u00f3 se\u00f1alando que \u201cen ese contexto se avanza hacia una privatizaci\u00f3n del sistema previsional, cuando el modelo privado de Administradoras de Fondos de Pensi\u00f3n tiene en la Rep\u00fablica de Chile el m\u00e1s penoso ejemplo de su fracaso\u201d.<\/p>\n<p>Un p\u00e1rrafo especial del breve discurso fue dedicado a la situaci\u00f3n del ejercicio de la actividad gremial en Argentina: \u201cquiero concluir denunciando el peligroso avance sobre la libertad sindical, en la regi\u00f3n y en la Argentina en particular, donde recientemente dirigentes de ATE de la Provincia de R\u00edo Negro fueron encarcelados durante d\u00edas por defender sus derechos. A esto se suma la detenci\u00f3n arbitraria e ilegal de la dirigente sindical, social e ind\u00edgena Milagro Sala\u201d.<\/p>\n<p><strong>Inmigraci\u00f3n<\/strong><\/p>\n<p>Por \u00faltimo, en t\u00e9rminos regionales, el presidente de la CLATE se refiri\u00f3 a la situaci\u00f3n de los inmigrantes.&nbsp;\u201cEn nuestros d\u00edas, 30 millones de latinoamericanos y caribe\u00f1os est\u00e1n trabajando lejos de su tierra. Lo hacen luego de haber realizados arduas traves\u00edas, donde en muchos casos han arriesgado su vida. Y en los pa\u00edses de acogida aportan su saber, su fuerza, su talento, producen ganancias en la econom\u00eda, brindan servicios fundamentales, no le quitan nada a nadie.<\/p>\n<p>A todos ellos, y a quienes en distintas regiones del mundo deben emigrar por causas econ\u00f3micas, sociales, clim\u00e1ticas o debido a conflictos armados, los mandantes tripartitos aqu\u00ed reunidos les debemos una respuesta.<\/p>\n<p>Una respuesta para erradicar el estado de ilegalidad al que se los somete, que los deja a merced de las formas de empleo precario, mal pago, o directamente esclavo. Para alcanzar este objetivo es necesario entender el migrar como un derecho humano.<\/p>\n<p>En esa l\u00ednea, la CLATE tambi\u00e9n quiere comprometer su esfuerzo. Y un desaf\u00edo que las organizaciones sindicales de trabajadores estatales estamos dispuestas a afrontar es humanizar la administraci\u00f3n p\u00fablica. Sea en las fronteras, en los servicios de salud o en los servicios educativos, los migrantes deben ser tratados como sujetos de derechos\u201d.<\/p>\n","protected":false},"excerpt":{"rendered":"<p>El presidente de la Confederaci\u00f3n Latinoamericana y del Caribe de Trabajadores Estatales, Julio Fuentes, habl\u00f3 ante la 106\u00aa la Conferencia Internacional del Trabajo, \u00f3rgano supremo de decisiones de la OIT (Organizaci\u00f3n Internacional del Trabajo) este viernes 9 en la ciudad de Ginebra, Suiza. En su discurso critic\u00f3 las pol\u00edticas de ajuste en la regi\u00f3n, los [&hellip;]<\/p>\n","protected":false},"author":1,"featured_media":19220,"comment_status":"open","ping_status":"open","sticky":false,"template":"","format":"standard","meta":{"_exactmetrics_skip_tracking":false,"_exactmetrics_sitenote_active":false,"_exactmetrics_sitenote_note":"","_exactmetrics_sitenote_category":0,"jnews-multi-image_gallery":[],"jnews_single_post":[],"jnews_primary_category":[],"jnews_social_meta":[],"jnews_review":[],"enable_review":"","type":"","name":"","summary":"","brand":"","sku":"","good":[],"bad":[],"score_override":"","override_value":"","rating":[],"price":[],"jnews_override_counter":[],"jnews_post_split":[],"footnotes":""},"categories":[10,129],"tags":[],"class_list":["post-8653","post","type-post","status-publish","format-standard","has-post-thumbnail","hentry","category-accion-politica","category-clate"],"jetpack_featured_media_url":"https:\/\/atecordoba.org\/wp-content\/uploads\/2020\/05\/logo-nuevochico-e1561581322808.png","_links":{"self":[{"href":"https:\/\/atecordoba.org\/index.php?rest_route=\/wp\/v2\/posts\/8653","targetHints":{"allow":["GET"]}}],"collection":[{"href":"https:\/\/atecordoba.org\/index.php?rest_route=\/wp\/v2\/posts"}],"about":[{"href":"https:\/\/atecordoba.org\/index.php?rest_route=\/wp\/v2\/types\/post"}],"author":[{"embeddable":true,"href":"https:\/\/atecordoba.org\/index.php?rest_route=\/wp\/v2\/users\/1"}],"replies":[{"embeddable":true,"href":"https:\/\/atecordoba.org\/index.php?rest_route=%2Fwp%2Fv2%2Fcomments&post=8653"}],"version-history":[{"count":0,"href":"https:\/\/atecordoba.org\/index.php?rest_route=\/wp\/v2\/posts\/8653\/revisions"}],"wp:featuredmedia":[{"embeddable":true,"href":"https:\/\/atecordoba.org\/index.php?rest_route=\/wp\/v2\/media\/19220"}],"wp:attachment":[{"href":"https:\/\/atecordoba.org\/index.php?rest_route=%2Fwp%2Fv2%2Fmedia&parent=8653"}],"wp:term":[{"taxonomy":"category","embeddable":true,"href":"https:\/\/atecordoba.org\/index.php?rest_route=%2Fwp%2Fv2%2Fcategories&post=8653"},{"taxonomy":"post_tag","embeddable":true,"href":"https:\/\/atecordoba.org\/index.php?rest_route=%2Fwp%2Fv2%2Ftags&post=8653"}],"curies":[{"name":"wp","href":"https:\/\/api.w.org\/{rel}","templated":true}]}}