{"id":8649,"date":"2017-06-09T17:20:04","date_gmt":"2017-06-09T20:20:04","guid":{"rendered":"http:\/\/www.atecordoba.org\/?p=8649"},"modified":"2017-06-09T17:20:04","modified_gmt":"2017-06-09T20:20:04","slug":"unc-hemoderivados-retoma-las-medidas-de-fuerza","status":"publish","type":"post","link":"https:\/\/atecordoba.org\/?p=8649","title":{"rendered":"Unc: Hemoderivados retoma las medidas de fuerza"},"content":{"rendered":"<p><em>Los trabajadores resolvieron iniciar la semana que viene el estado asamblea permanente y movilizaci\u00f3n ante la falta de respuestas de las autoridades de la universidad por sus reclamos recategorizaciones y pase a planta.<\/em><\/p>\n<p>&nbsp;<img loading=\"lazy\" decoding=\"async\" class=\"aligncenter size-full wp-image-8650\" src=\"http:\/\/www.atecordoba.org\/wp-content\/uploads\/2017\/06\/Laboratorio-de-hemoderivados-15-09-16-e1497039557834.jpg\" alt=\"\" width=\"550\" height=\"309\"><\/p>\n<p>Son m\u00e1s de 200 trabajadores de la principal planta de hemoderivados de Sudam\u00e9rica &nbsp;que sufren hist\u00f3ricas condiciones de precarizaci\u00f3n en su trabajo. Debido a la falta de respuestas a los reclamos que ATE viene canalizando gremialmente, los compa\u00f1eros resolvieron en asamblea iniciar medidas de fuerza la semana que viene.<\/p>\n<p>Exigen que se inicie el proceso de pase a planta permanente para lograr la estabilidad laboral que la Constituci\u00f3n garantiza a todo trabajador del Estado.<br \/>\nAdem\u00e1s, plantean la dilaci\u00f3n sostenida de parte del rectorado del plan de recategorizaciones del personal elevada al rectorado el a\u00f1o pasado. Esta situaci\u00f3n significa para los trabajadores una p\u00e9rdida de parte del salario que debieran cobrar si estuvieran correctamente categorizados, conforma las labores que desarrollan.<\/p>\n<p>As\u00ed tambi\u00e9n, los compa\u00f1eros apuntaron a la ausencia de respuesta en lo referente al pase a planta permanente del plantel de empleados.<\/p>\n","protected":false},"excerpt":{"rendered":"<p>Los trabajadores resolvieron iniciar la semana que viene el estado asamblea permanente y movilizaci\u00f3n ante la falta de respuestas de las autoridades de la universidad por sus reclamos recategorizaciones y pase a planta. &nbsp; Son m\u00e1s de 200 trabajadores de la principal planta de hemoderivados de Sudam\u00e9rica &nbsp;que sufren hist\u00f3ricas condiciones de precarizaci\u00f3n en su [&hellip;]<\/p>\n","protected":false},"author":1,"featured_media":19220,"comment_status":"open","ping_status":"open","sticky":false,"template":"","format":"standard","meta":{"_exactmetrics_skip_tracking":false,"_exactmetrics_sitenote_active":false,"_exactmetrics_sitenote_note":"","_exactmetrics_sitenote_category":0,"jnews-multi-image_gallery":[],"jnews_single_post":[],"jnews_primary_category":[],"jnews_social_meta":[],"jnews_review":[],"enable_review":"","type":"","name":"","summary":"","brand":"","sku":"","good":[],"bad":[],"score_override":"","override_value":"","rating":[],"price":[],"jnews_override_counter":[],"jnews_post_split":[],"footnotes":""},"categories":[18,89],"tags":[],"class_list":["post-8649","post","type-post","status-publish","format-standard","has-post-thumbnail","hentry","category-nacionales","category-unc"],"jetpack_featured_media_url":"https:\/\/atecordoba.org\/wp-content\/uploads\/2020\/05\/logo-nuevochico-e1561581322808.png","_links":{"self":[{"href":"https:\/\/atecordoba.org\/index.php?rest_route=\/wp\/v2\/posts\/8649","targetHints":{"allow":["GET"]}}],"collection":[{"href":"https:\/\/atecordoba.org\/index.php?rest_route=\/wp\/v2\/posts"}],"about":[{"href":"https:\/\/atecordoba.org\/index.php?rest_route=\/wp\/v2\/types\/post"}],"author":[{"embeddable":true,"href":"https:\/\/atecordoba.org\/index.php?rest_route=\/wp\/v2\/users\/1"}],"replies":[{"embeddable":true,"href":"https:\/\/atecordoba.org\/index.php?rest_route=%2Fwp%2Fv2%2Fcomments&post=8649"}],"version-history":[{"count":0,"href":"https:\/\/atecordoba.org\/index.php?rest_route=\/wp\/v2\/posts\/8649\/revisions"}],"wp:featuredmedia":[{"embeddable":true,"href":"https:\/\/atecordoba.org\/index.php?rest_route=\/wp\/v2\/media\/19220"}],"wp:attachment":[{"href":"https:\/\/atecordoba.org\/index.php?rest_route=%2Fwp%2Fv2%2Fmedia&parent=8649"}],"wp:term":[{"taxonomy":"category","embeddable":true,"href":"https:\/\/atecordoba.org\/index.php?rest_route=%2Fwp%2Fv2%2Fcategories&post=8649"},{"taxonomy":"post_tag","embeddable":true,"href":"https:\/\/atecordoba.org\/index.php?rest_route=%2Fwp%2Fv2%2Ftags&post=8649"}],"curies":[{"name":"wp","href":"https:\/\/api.w.org\/{rel}","templated":true}]}}