{"id":8643,"date":"2017-06-08T21:58:48","date_gmt":"2017-06-09T00:58:48","guid":{"rendered":"http:\/\/www.atecordoba.org\/?p=8643"},"modified":"2017-06-08T21:58:48","modified_gmt":"2017-06-09T00:58:48","slug":"en-apoyo-a-los-choferes-ate-participo-de-una-reunion-por-la-unidad-de-movimiento-obrero","status":"publish","type":"post","link":"https:\/\/atecordoba.org\/?p=8643","title":{"rendered":"En apoyo a los choferes ATE particip\u00f3 de una reuni\u00f3n por la unidad de movimiento obrero"},"content":{"rendered":"<p><em>ATE suscribi\u00f3 un documento junto a Surbac, Suoem, Luz y Fuerza, y la CTA de los trabajadores, donde se manifest\u00f3 la posibilidad de realizar un paro provincial en caso de no concluir satisfactoriamente la negociaci\u00f3n de los choferes en conflicto con las empresas prestatarias del transporte p\u00fablico de la ciudad y la Municipalidad de C\u00f3rdoba. Tambi\u00e9n particip\u00f3 la Federaci\u00f3n Universitaria de C\u00f3rdoba (FUC).<\/em><\/p>\n<p><img loading=\"lazy\" decoding=\"async\" class=\"aligncenter size-full wp-image-8646\" src=\"http:\/\/www.atecordoba.org\/wp-content\/uploads\/2017\/06\/foto-2-e1496967850772.jpg\" alt=\"\" width=\"550\" height=\"309\"><\/p>\n<p>&nbsp;<\/p>\n<p>En un plenario de organizaciones llevado acabo esta tarde en la sede de Surbac, los gremios presentes manifestaron la posibilidad de realizar un paro&nbsp;provincial en el caso de que la negociaci\u00f3n que llevan adelante los choferes de colectivos de C\u00f3rdoba no logre un acuerdo satisfactorio para los compa\u00f1eros que llevan ya cinco d\u00edas de paro total del transporte de la ciudad.<\/p>\n<p>En la oportunidad, en representaci\u00f3n de la secretaria General de ATE, Mar\u00eda Liliana Salerno, estuvieron presentes <img loading=\"lazy\" decoding=\"async\" class=\"size-full wp-image-8645 alignright\" src=\"http:\/\/www.atecordoba.org\/wp-content\/uploads\/2017\/06\/IMG-20170608-WA0052-e1496967466116.jpg\" alt=\"\" width=\"330\" height=\"550\">los compa\u00f1eros secretario Gremial, Diego Guerra, de Prensa, Daniel Pawluchuzk, y el vocal Hugo Duran.<\/p>\n<p>Tras expresas las posiciones de cada gremio, los gremios firmaron un documento que se\u00f1ala que &#8220;las organizaciones presentes manifestamos nuestra voluntad de acompa\u00f1ar la lucha de los compa\u00f1eros en conflicto hasta las \u00faltimas consecuencias&#8221;.&nbsp;<\/p>\n<p>Y agrega &nbsp;que si se desconocen sus derechos, si la negociaci\u00f3n en marcha no concluye&nbsp;en t\u00e9rminos favorables, &#8220;vamos a desplegar todos los recursos para manifestarnos en contra y enfrentar el intento de seguir avasallando los derechos de los trabajadores&#8221;.<\/p>\n<p>En tal sentido, el encuentro de organizaciones gremiales afirm\u00f3 que &#8220;estamos dispuestos a sostener la unidad en la acci\u00f3n para ponerle freno a este modelo de exclusi\u00f3n que encabeza Macri a nivel nacional y que tiene en C\u00f3rdoba fieles exponentes&#8221;.<\/p>\n<p>Por eso mismo, en otro p\u00e1rrafo, el documento concluye que &#8220;el compromiso con la lucha nos lleva a prometer nuestro esfuerzo para, de ser necesario, convocar a un paro y movilizaci\u00f3n provincial para ponerle freno a este modelo que viene por las conquistas del movimiento obrero, que viene por los convenios colectivos, que viene para judicializar la protesta social,, que viene para terminar con el modelo sindical argentino&#8221;.<\/p>\n<p>La declaraci\u00f3n conjunta termina afirmando que &#8220;solo la unidad del movimiento obrero garantizar\u00e1 el bienestar de los trabajadores&#8221;.<\/p>\n<p>&nbsp;<\/p>\n","protected":false},"excerpt":{"rendered":"<p>ATE suscribi\u00f3 un documento junto a Surbac, Suoem, Luz y Fuerza, y la CTA de los trabajadores, donde se manifest\u00f3 la posibilidad de realizar un paro provincial en caso de no concluir satisfactoriamente la negociaci\u00f3n de los choferes en conflicto con las empresas prestatarias del transporte p\u00fablico de la ciudad y la Municipalidad de C\u00f3rdoba. [&hellip;]<\/p>\n","protected":false},"author":1,"featured_media":19220,"comment_status":"open","ping_status":"open","sticky":false,"template":"","format":"standard","meta":{"_exactmetrics_skip_tracking":false,"_exactmetrics_sitenote_active":false,"_exactmetrics_sitenote_note":"","_exactmetrics_sitenote_category":0,"jnews-multi-image_gallery":[],"jnews_single_post":[],"jnews_primary_category":[],"jnews_social_meta":[],"jnews_review":[],"enable_review":"","type":"","name":"","summary":"","brand":"","sku":"","good":[],"bad":[],"score_override":"","override_value":"","rating":[],"price":[],"jnews_override_counter":[],"jnews_post_split":[],"footnotes":""},"categories":[10],"tags":[],"class_list":["post-8643","post","type-post","status-publish","format-standard","has-post-thumbnail","hentry","category-accion-politica"],"jetpack_featured_media_url":"https:\/\/atecordoba.org\/wp-content\/uploads\/2020\/05\/logo-nuevochico-e1561581322808.png","_links":{"self":[{"href":"https:\/\/atecordoba.org\/index.php?rest_route=\/wp\/v2\/posts\/8643","targetHints":{"allow":["GET"]}}],"collection":[{"href":"https:\/\/atecordoba.org\/index.php?rest_route=\/wp\/v2\/posts"}],"about":[{"href":"https:\/\/atecordoba.org\/index.php?rest_route=\/wp\/v2\/types\/post"}],"author":[{"embeddable":true,"href":"https:\/\/atecordoba.org\/index.php?rest_route=\/wp\/v2\/users\/1"}],"replies":[{"embeddable":true,"href":"https:\/\/atecordoba.org\/index.php?rest_route=%2Fwp%2Fv2%2Fcomments&post=8643"}],"version-history":[{"count":0,"href":"https:\/\/atecordoba.org\/index.php?rest_route=\/wp\/v2\/posts\/8643\/revisions"}],"wp:featuredmedia":[{"embeddable":true,"href":"https:\/\/atecordoba.org\/index.php?rest_route=\/wp\/v2\/media\/19220"}],"wp:attachment":[{"href":"https:\/\/atecordoba.org\/index.php?rest_route=%2Fwp%2Fv2%2Fmedia&parent=8643"}],"wp:term":[{"taxonomy":"category","embeddable":true,"href":"https:\/\/atecordoba.org\/index.php?rest_route=%2Fwp%2Fv2%2Fcategories&post=8643"},{"taxonomy":"post_tag","embeddable":true,"href":"https:\/\/atecordoba.org\/index.php?rest_route=%2Fwp%2Fv2%2Ftags&post=8643"}],"curies":[{"name":"wp","href":"https:\/\/api.w.org\/{rel}","templated":true}]}}