{"id":8640,"date":"2017-06-08T13:36:33","date_gmt":"2017-06-08T16:36:33","guid":{"rendered":"http:\/\/www.atecordoba.org\/?p=8640"},"modified":"2017-06-08T13:36:33","modified_gmt":"2017-06-08T16:36:33","slug":"ate-se-movilizo-en-apoyo-a-los-choferes","status":"publish","type":"post","link":"https:\/\/atecordoba.org\/?p=8640","title":{"rendered":"ATE se moviliz\u00f3 en apoyo a los choferes"},"content":{"rendered":"<p><em>El Consejo Directivo Provincial se movilizaron hasta la UTA para expresar la solidaridad de nuestro gremio a los choferes del transporte.<\/em><\/p>\n<p><img loading=\"lazy\" decoding=\"async\" class=\"aligncenter size-full wp-image-8641\" src=\"http:\/\/www.atecordoba.org\/wp-content\/uploads\/2017\/06\/salerno-guerra-e1496939720459.jpg\" alt=\"\" width=\"550\" height=\"354\"><\/p>\n<p>Los integrantes del Consejo Directivo Provincial, junto a delegados y activistas de ATE se movilizaron hoy para brindar el apoyo institucional de nuestro gremio a los choferes, que se encuentran sosteniendo un prolongado conflicto con las empresas prestatarias del servicio de colectivos de C\u00f3rdoba.<\/p>\n<p>La concentraci\u00f3n se realiz\u00f3 frente a la sede de la UTA C\u00f3rdoba, en un nutrido marco de concurrencia de numerosas organizaciones sindicales que se expresaron en igual sentido, dando una cobertura a los compa\u00f1eros choferes que sufrieron ayer decenas de despidos por telegrama enviados por las empresas.<\/p>\n<p>Asimismo ATE se traslado junto a otras organizaciones hasta la Municipalidad de C\u00f3rdoba para repudiar los dichos del intendente Ram\u00f3n Mestre, donde los trabajadores reclamaron la apertura de una mesa de negociaci\u00f3n para destrabar el conflicto.<\/p>\n<p>&nbsp;<\/p>\n","protected":false},"excerpt":{"rendered":"<p>El Consejo Directivo Provincial se movilizaron hasta la UTA para expresar la solidaridad de nuestro gremio a los choferes del transporte. Los integrantes del Consejo Directivo Provincial, junto a delegados y activistas de ATE se movilizaron hoy para brindar el apoyo institucional de nuestro gremio a los choferes, que se encuentran sosteniendo un prolongado conflicto [&hellip;]<\/p>\n","protected":false},"author":1,"featured_media":19220,"comment_status":"open","ping_status":"open","sticky":false,"template":"","format":"standard","meta":{"_exactmetrics_skip_tracking":false,"_exactmetrics_sitenote_active":false,"_exactmetrics_sitenote_note":"","_exactmetrics_sitenote_category":0,"jnews-multi-image_gallery":[],"jnews_single_post":[],"jnews_primary_category":[],"jnews_social_meta":[],"jnews_review":[],"enable_review":"","type":"","name":"","summary":"","brand":"","sku":"","good":[],"bad":[],"score_override":"","override_value":"","rating":[],"price":[],"jnews_override_counter":[],"jnews_post_split":[],"footnotes":""},"categories":[10],"tags":[],"class_list":["post-8640","post","type-post","status-publish","format-standard","has-post-thumbnail","hentry","category-accion-politica"],"jetpack_featured_media_url":"https:\/\/atecordoba.org\/wp-content\/uploads\/2020\/05\/logo-nuevochico-e1561581322808.png","_links":{"self":[{"href":"https:\/\/atecordoba.org\/index.php?rest_route=\/wp\/v2\/posts\/8640","targetHints":{"allow":["GET"]}}],"collection":[{"href":"https:\/\/atecordoba.org\/index.php?rest_route=\/wp\/v2\/posts"}],"about":[{"href":"https:\/\/atecordoba.org\/index.php?rest_route=\/wp\/v2\/types\/post"}],"author":[{"embeddable":true,"href":"https:\/\/atecordoba.org\/index.php?rest_route=\/wp\/v2\/users\/1"}],"replies":[{"embeddable":true,"href":"https:\/\/atecordoba.org\/index.php?rest_route=%2Fwp%2Fv2%2Fcomments&post=8640"}],"version-history":[{"count":0,"href":"https:\/\/atecordoba.org\/index.php?rest_route=\/wp\/v2\/posts\/8640\/revisions"}],"wp:featuredmedia":[{"embeddable":true,"href":"https:\/\/atecordoba.org\/index.php?rest_route=\/wp\/v2\/media\/19220"}],"wp:attachment":[{"href":"https:\/\/atecordoba.org\/index.php?rest_route=%2Fwp%2Fv2%2Fmedia&parent=8640"}],"wp:term":[{"taxonomy":"category","embeddable":true,"href":"https:\/\/atecordoba.org\/index.php?rest_route=%2Fwp%2Fv2%2Fcategories&post=8640"},{"taxonomy":"post_tag","embeddable":true,"href":"https:\/\/atecordoba.org\/index.php?rest_route=%2Fwp%2Fv2%2Ftags&post=8640"}],"curies":[{"name":"wp","href":"https:\/\/api.w.org\/{rel}","templated":true}]}}