{"id":8634,"date":"2017-06-08T10:18:31","date_gmt":"2017-06-08T13:18:31","guid":{"rendered":"http:\/\/www.atecordoba.org\/?p=8634"},"modified":"2017-06-08T10:18:31","modified_gmt":"2017-06-08T13:18:31","slug":"ate-se-solidariza-con-los-trabajadores-del-transporte","status":"publish","type":"post","link":"https:\/\/atecordoba.org\/?p=8634","title":{"rendered":"ATE se solidariza con los trabajadores del transporte"},"content":{"rendered":"<p><em>El Consejo Directivo Provincial de ATE C\u00f3rdoba expresa su m\u00e1s profunda solidaridad con los trabajadores del transporte p\u00fablico que se encuentran desde hace cinco d\u00edas en un plan de lucha, reclamando de sus justas reivindicaciones gremiales.<\/em><\/p>\n<p><img loading=\"lazy\" decoding=\"async\" class=\"aligncenter size-full wp-image-8635\" src=\"http:\/\/www.atecordoba.org\/wp-content\/uploads\/2017\/06\/logo-ATE-negro-grande-e1496927871571.jpg\" alt=\"\" width=\"550\" height=\"524\"><\/p>\n<p>&nbsp;<\/p>\n<p>&nbsp;<\/p>\n<p>Repudiamos los despidos que se conocieron ayer y hoy, medida que tiene por objetivo amedrentar el reclamo, domesticar el conflicto y que, est\u00e1 a la vista, s\u00f3lo sirvieron para aumentar la bronca y profundizar la lucha.<\/p>\n<p>Al mismo tiempo rechazamos el ataque sistem\u00e1tico que est\u00e1n sufriendo estos compa\u00f1eros de parte del Ejecutivo municipal, de los empresarios inescrupulosos que prestan un p\u00e9simo servicio a la ciudad y de algunas empresas period\u00edsticas que empujan a la comunidad contra los trabajadores, sin reflejar la verdad de los hechos.<\/p>\n<p>Al margen del problema institucional que hoy atraviesa la UTA en C\u00f3rdoba, deben ser los compa\u00f1eros choferes quienes resuelvan los pasos a seguir para llegar al objetivo deseado de lograr las mejoras necesarias en t\u00e9rminos salariales y de condiciones de trabajo.<\/p>\n<p>No desconocemos que esta andanada contra los choferes se enmarca en un proyecto m\u00e1s grande de ataque a las organizaciones gremiales que cuentan con mejores salarios y convenios colectivos, con el objetivo espurio de bajar el salario y los costos laborales de los empresarios y el Estado.<\/p>\n<p>As\u00ed se explica lo que est\u00e1n viviendo los compa\u00f1eros municipales y los de Luz y Fuerza, que muestra la sinton\u00eda entre el gobierno municipal, el provincial y las pol\u00edticas nacionales de Mauricio Macri, que son a todas luces antiobreras. &nbsp;<\/p>\n<p>Nadie nos puede acusar de jugar en la interna pol\u00edtica partidaria de cara a las elecciones ya que mantuvimos los mismos principios durante el gobierno anterior, y los mantendremos en lo sucesivo. Por eso instamos al movimiento obrero organizado de C\u00f3rdoba a contener y cuidar a estos compa\u00f1eros en conflicto hasta que logren su objetivo.<\/p>\n<p>Vale se\u00f1alar que adhieren a esta posici\u00f3n p\u00fablica los jubilados de ATE porque en el mismo sentido del despojo a los trabajadores vienen las pol\u00edticas previsionales del los gobiernos nacional y provincial.<\/p>\n<p>Mar\u00eda Liliana Salerno<\/p>\n<p>Secretaria General<\/p>\n","protected":false},"excerpt":{"rendered":"<p>El Consejo Directivo Provincial de ATE C\u00f3rdoba expresa su m\u00e1s profunda solidaridad con los trabajadores del transporte p\u00fablico que se encuentran desde hace cinco d\u00edas en un plan de lucha, reclamando de sus justas reivindicaciones gremiales. &nbsp; &nbsp; Repudiamos los despidos que se conocieron ayer y hoy, medida que tiene por objetivo amedrentar el reclamo, [&hellip;]<\/p>\n","protected":false},"author":1,"featured_media":19220,"comment_status":"open","ping_status":"open","sticky":false,"template":"","format":"standard","meta":{"_exactmetrics_skip_tracking":false,"_exactmetrics_sitenote_active":false,"_exactmetrics_sitenote_note":"","_exactmetrics_sitenote_category":0,"jnews-multi-image_gallery":[],"jnews_single_post":[],"jnews_primary_category":[],"jnews_social_meta":[],"jnews_review":[],"enable_review":"","type":"","name":"","summary":"","brand":"","sku":"","good":[],"bad":[],"score_override":"","override_value":"","rating":[],"price":[],"jnews_override_counter":[],"jnews_post_split":[],"footnotes":""},"categories":[10],"tags":[],"class_list":["post-8634","post","type-post","status-publish","format-standard","has-post-thumbnail","hentry","category-accion-politica"],"jetpack_featured_media_url":"https:\/\/atecordoba.org\/wp-content\/uploads\/2020\/05\/logo-nuevochico-e1561581322808.png","_links":{"self":[{"href":"https:\/\/atecordoba.org\/index.php?rest_route=\/wp\/v2\/posts\/8634","targetHints":{"allow":["GET"]}}],"collection":[{"href":"https:\/\/atecordoba.org\/index.php?rest_route=\/wp\/v2\/posts"}],"about":[{"href":"https:\/\/atecordoba.org\/index.php?rest_route=\/wp\/v2\/types\/post"}],"author":[{"embeddable":true,"href":"https:\/\/atecordoba.org\/index.php?rest_route=\/wp\/v2\/users\/1"}],"replies":[{"embeddable":true,"href":"https:\/\/atecordoba.org\/index.php?rest_route=%2Fwp%2Fv2%2Fcomments&post=8634"}],"version-history":[{"count":0,"href":"https:\/\/atecordoba.org\/index.php?rest_route=\/wp\/v2\/posts\/8634\/revisions"}],"wp:featuredmedia":[{"embeddable":true,"href":"https:\/\/atecordoba.org\/index.php?rest_route=\/wp\/v2\/media\/19220"}],"wp:attachment":[{"href":"https:\/\/atecordoba.org\/index.php?rest_route=%2Fwp%2Fv2%2Fmedia&parent=8634"}],"wp:term":[{"taxonomy":"category","embeddable":true,"href":"https:\/\/atecordoba.org\/index.php?rest_route=%2Fwp%2Fv2%2Fcategories&post=8634"},{"taxonomy":"post_tag","embeddable":true,"href":"https:\/\/atecordoba.org\/index.php?rest_route=%2Fwp%2Fv2%2Ftags&post=8634"}],"curies":[{"name":"wp","href":"https:\/\/api.w.org\/{rel}","templated":true}]}}