{"id":8626,"date":"2017-06-07T16:40:41","date_gmt":"2017-06-07T19:40:41","guid":{"rendered":"http:\/\/www.atecordoba.org\/?p=8626"},"modified":"2017-06-07T16:40:41","modified_gmt":"2017-06-07T19:40:41","slug":"jubilados-rechazaron-el-ajuste-en-el-pami-con-una-protesta-frente-a-la-sede-cordoba","status":"publish","type":"post","link":"https:\/\/atecordoba.org\/?p=8626","title":{"rendered":"Jubilados rechazaron el ajuste en el PAMI con una protesta frente a la sede C\u00f3rdoba"},"content":{"rendered":"<p><em>El Centro de Jubilados de ATE de la provincia de C\u00f3rdoba llev\u00f3 a cabo una protesta ante el centro de referencia de PAMI en la&nbsp;capital provincial, rechazando el plan de ajuste que est\u00e1 implementando el gobierno nacional.<\/em><\/p>\n<p><img loading=\"lazy\" decoding=\"async\" class=\"aligncenter size-full wp-image-8627\" src=\"http:\/\/www.atecordoba.org\/wp-content\/uploads\/2017\/06\/20170607_104947-e1496864123211.jpg\" alt=\"\" width=\"550\" height=\"309\"><\/p>\n<p>La medida incluy\u00f3 volanteadas al tr\u00e1nsito en la avenida General Paz, con intervenciones cuando cortaban los sem\u00e1foros y el&nbsp;corte de media calzada para realizar un acto de protesta.<\/p>\n<p>En la oportunidad, estuvieron presentes los compa\u00f1eros que conducen el centro de jubilados provincial de nuestro gremio, encabezados por Carmen Neder, el dirigente del centro de jubilados nacional de ATE, Oscar Cacho Mengarelli, compa\u00f1eros integrantes de la comisi\u00f3n directiva del Consejo Directivo Provincial, como el secretario Adjunto Luis Barcena, el Gremial, Diego Guerra, el Progremial Francisco Pavan, de Organizaci\u00f3n Victor Lecuona y Prensa Daniel Pawluchuzk. As\u00ed tambi\u00e9n se hicieron presentes para apoyar la actividad compa\u00f1eros delegados de Anses como Mariano Pezzi. Tambi\u00e9n se moviliz\u00f3 la Federaci\u00f3n Independiente de Centros de Jubilados.<\/p>\n<p><img loading=\"lazy\" decoding=\"async\" class=\"aligncenter size-full wp-image-8628\" src=\"http:\/\/www.atecordoba.org\/wp-content\/uploads\/2017\/06\/20170607_104937-e1496864180996.jpg\" alt=\"\" width=\"550\" height=\"309\"><\/p>\n<p>La protesta cont\u00f3 con buena respuesta de los automovilistas, algunos de los cuales se sumaron al &#8216;bocinazo&#8217; que ped\u00edan los jubilados presentes en gesto de solidaridad.&nbsp;<\/p>\n<div class=\"epyt-video-wrapper\"><iframe loading=\"lazy\"  style=\"display: block; margin: 0px auto;\"  id=\"_ytid_13501\"  width=\"480\" height=\"270\"  data-origwidth=\"480\" data-origheight=\"270\" src=\"https:\/\/www.youtube.com\/embed\/wA9D0uXHsVc?enablejsapi=1&#038;autoplay=0&#038;cc_load_policy=0&#038;cc_lang_pref=&#038;iv_load_policy=3&#038;loop=0&#038;rel=0&#038;fs=1&#038;playsinline=0&#038;autohide=2&#038;theme=dark&#038;color=red&#038;controls=1&#038;disablekb=0&#038;\" class=\"__youtube_prefs__  epyt-is-override  no-lazyload\" title=\"YouTube player\"  allow=\"fullscreen; accelerometer; autoplay; clipboard-write; encrypted-media; gyroscope; picture-in-picture; web-share\" referrerpolicy=\"strict-origin-when-cross-origin\" allowfullscreen data-no-lazy=\"1\" data-skipgform_ajax_framebjll=\"\"><\/iframe><\/div>\n<p>&nbsp;<\/p>\n<p>A la hora de explicar los motivos de la protesta, Mengarelli, quien fuera por varios periodos secretario General de ATE C\u00f3rdoba, explic\u00f3 que &#8220;al PAMI&nbsp;lo quieren entregar, est\u00e1n restringiendo remedios, las pr\u00e1cticas, lo est\u00e1n desarticulando y desmantelando: no cubren las vacantes de trabajadores porque los capitales vienen por el quinto presupuesto de la Naci\u00f3n, despu\u00e9s de las cuatro provincias m\u00e1s importantes&#8221;.<\/p>\n<p><img loading=\"lazy\" decoding=\"async\" class=\"aligncenter wp-image-8630 size-full\" src=\"http:\/\/www.atecordoba.org\/wp-content\/uploads\/2017\/06\/20170607_105053-e1522850612352.jpg\" alt=\"\" width=\"550\" height=\"126\"><\/p>\n<p>El dirigente evalu\u00f3 que la situaci\u00f3n del organismo &#8220;coincide con el programa para destruir la jubilaci\u00f3n estatal y volver al sistema privado administrado por los bancos. Mientras, el pueblo pierde sus derechos previsionales y se tendr\u00e1 que arreglar con jubilaciones y pensiones que no son trasladables a los deudos&#8221;.<\/p>\n<p><img loading=\"lazy\" decoding=\"async\" class=\"aligncenter size-full wp-image-8631\" src=\"http:\/\/www.atecordoba.org\/wp-content\/uploads\/2017\/06\/4860a145-62b4-4569-95eb-e09beba3427e-e1496864330190.jpg\" alt=\"\" width=\"550\" height=\"309\"><\/p>\n<p>Al mismo tiempo, Mengarelli resumi\u00f3: &#8220;estamos ac\u00e1 para defender un sistema \u00fanico de previsi\u00f3n integrado en el Estado, con una obra social que funcione, con presupuesto y una direcci\u00f3n que atienda a nuestras demandas.&nbsp;Ac\u00e1 en la calle estamos los que deber\u00edamos formar parte del directorio, y adentro en las oficinas est\u00e1n los usurpadores y los que nos quieren entregar. Venimos a denunciar estas cosas a la comunidad&#8221;.<\/p>\n<p><img loading=\"lazy\" decoding=\"async\" class=\"aligncenter size-full wp-image-8632\" src=\"http:\/\/www.atecordoba.org\/wp-content\/uploads\/2017\/06\/20170607_111734-e1496864379532.jpg\" alt=\"\" width=\"550\" height=\"309\"><\/p>\n<p>Y finaliz\u00f3 asegurando que &#8220;el problema de los jubilados ata\u00f1e a los activos, cuanto m\u00e1s denigren las jubilaciones, en peores condiciones se van a jubilar ellos. Hay que unificar las luchas de los activos con los jubilados nacionales y con los provinciales, porque en definitiva todos vamos a ser jubilados y est\u00e1n armonizando a la baja en la provincia. Hay mucha plata en juego y los capitales la quieren&#8221;.<\/p>\n<p><iframe loading=\"lazy\" title=\"Protesta de ATE frente a PAMI C\u00f3rdoba - Entrevista a Oscar Cacho Mengarelli by ATE C\u00f3rdoba\" width=\"500\" height=\"400\" scrolling=\"no\" frameborder=\"no\" src=\"https:\/\/w.soundcloud.com\/player\/?visual=true&#038;url=https%3A%2F%2Fapi.soundcloud.com%2Ftracks%2F326994497&#038;show_artwork=true&#038;maxheight=750&#038;maxwidth=500\"><\/iframe><\/p>\n","protected":false},"excerpt":{"rendered":"<p>El Centro de Jubilados de ATE de la provincia de C\u00f3rdoba llev\u00f3 a cabo una protesta ante el centro de referencia de PAMI en la&nbsp;capital provincial, rechazando el plan de ajuste que est\u00e1 implementando el gobierno nacional. La medida incluy\u00f3 volanteadas al tr\u00e1nsito en la avenida General Paz, con intervenciones cuando cortaban los sem\u00e1foros y [&hellip;]<\/p>\n","protected":false},"author":1,"featured_media":19220,"comment_status":"open","ping_status":"open","sticky":false,"template":"","format":"standard","meta":{"_exactmetrics_skip_tracking":false,"_exactmetrics_sitenote_active":false,"_exactmetrics_sitenote_note":"","_exactmetrics_sitenote_category":0,"jnews-multi-image_gallery":[],"jnews_single_post":[],"jnews_primary_category":[],"jnews_social_meta":[],"jnews_review":[],"enable_review":"","type":"","name":"","summary":"","brand":"","sku":"","good":[],"bad":[],"score_override":"","override_value":"","rating":[],"price":[],"jnews_override_counter":[],"jnews_post_split":[],"footnotes":""},"categories":[22],"tags":[],"class_list":["post-8626","post","type-post","status-publish","format-standard","has-post-thumbnail","hentry","category-jubilados"],"jetpack_featured_media_url":"https:\/\/atecordoba.org\/wp-content\/uploads\/2020\/05\/logo-nuevochico-e1561581322808.png","_links":{"self":[{"href":"https:\/\/atecordoba.org\/index.php?rest_route=\/wp\/v2\/posts\/8626","targetHints":{"allow":["GET"]}}],"collection":[{"href":"https:\/\/atecordoba.org\/index.php?rest_route=\/wp\/v2\/posts"}],"about":[{"href":"https:\/\/atecordoba.org\/index.php?rest_route=\/wp\/v2\/types\/post"}],"author":[{"embeddable":true,"href":"https:\/\/atecordoba.org\/index.php?rest_route=\/wp\/v2\/users\/1"}],"replies":[{"embeddable":true,"href":"https:\/\/atecordoba.org\/index.php?rest_route=%2Fwp%2Fv2%2Fcomments&post=8626"}],"version-history":[{"count":0,"href":"https:\/\/atecordoba.org\/index.php?rest_route=\/wp\/v2\/posts\/8626\/revisions"}],"wp:featuredmedia":[{"embeddable":true,"href":"https:\/\/atecordoba.org\/index.php?rest_route=\/wp\/v2\/media\/19220"}],"wp:attachment":[{"href":"https:\/\/atecordoba.org\/index.php?rest_route=%2Fwp%2Fv2%2Fmedia&parent=8626"}],"wp:term":[{"taxonomy":"category","embeddable":true,"href":"https:\/\/atecordoba.org\/index.php?rest_route=%2Fwp%2Fv2%2Fcategories&post=8626"},{"taxonomy":"post_tag","embeddable":true,"href":"https:\/\/atecordoba.org\/index.php?rest_route=%2Fwp%2Fv2%2Ftags&post=8626"}],"curies":[{"name":"wp","href":"https:\/\/api.w.org\/{rel}","templated":true}]}}