{"id":8619,"date":"2017-06-05T17:12:52","date_gmt":"2017-06-05T20:12:52","guid":{"rendered":"http:\/\/www.atecordoba.org\/?p=8619"},"modified":"2017-06-05T17:12:52","modified_gmt":"2017-06-05T20:12:52","slug":"unc-continua-el-conflicto-laboral-de-la-orquesta-sinfonica","status":"publish","type":"post","link":"https:\/\/atecordoba.org\/?p=8619","title":{"rendered":"UNC: Contin\u00faa el conflicto laboral de la Orquesta Sinf\u00f3nica"},"content":{"rendered":"<p><em>Los m\u00fasicos mantienen el reclamo del pase a planta ante las autoridades universitarias. Son todos becados con varios a\u00f1os en su haber.<\/em><\/p>\n<p><img loading=\"lazy\" decoding=\"async\" class=\"aligncenter size-full wp-image-8620\" src=\"http:\/\/www.atecordoba.org\/wp-content\/uploads\/2017\/06\/WhatsApp-Image-2017-06-05-at-16.55.34-e1496693453228.jpeg\" alt=\"\" width=\"550\" height=\"309\"><\/p>\n<p>En el marco del plan de lucha un grupo de integrantes de la Orquesta Sinf\u00f3nica realiz\u00f3 una protesta tocando sus instrumentos en medio de un congreso acad\u00e9mico que se llevaba a cabo en el Pabell\u00f3n Argentina de la ciudad universitaria.<\/p>\n<p>Los trabajadores de la cultura reclaman el pase a planta permanente ya que se encuentran precarizados hace a\u00f1os bajo la figura de becarios, situaci\u00f3n que les impide gozar de derechos laborales b\u00e1sicos como vacaciones pagas, aportes jubilatorios y aguinaldo.<\/p>\n<p><img loading=\"lazy\" decoding=\"async\" class=\"aligncenter size-full wp-image-8621\" src=\"http:\/\/www.atecordoba.org\/wp-content\/uploads\/2017\/06\/WhatsApp-Image-2017-06-05-at-16.55.34-1-e1496693478136.jpeg\" alt=\"\" width=\"550\" height=\"309\"><\/p>\n<p>Desde el a\u00f1o pasado, la orquesta se encuentra realizando protestas p\u00fablicas como conciertos al aire libre, en la calle, o plazas, sin que hasta el momento las autoridades universitarias hayan dado alguna respuesta positiva al reclamo.<\/p>\n<p>\u201cATE sigue reclamando por el derecho de estos trabajadores, injustamente precarizados. Pero esto no es solo una pelea por lograr la estabilidad laboral de los compa\u00f1eros, tambi\u00e9n es una lucha por reconocer al acceso a la cultura como un derecho de toda la comunidad y que, por lo tanto, los trabajadores que lo ejecutan tiene que poder vivir de su labor\u201d, sintetiz\u00f3 el prosecretario Gremial de ATE, Francisco Pav\u00e1n.<\/p>\n<p><img loading=\"lazy\" decoding=\"async\" class=\"aligncenter size-full wp-image-8622\" src=\"http:\/\/www.atecordoba.org\/wp-content\/uploads\/2017\/06\/WhatsApp-Image-2017-06-05-at-16.57.38-e1496693519641.jpeg\" alt=\"\" width=\"550\" height=\"412\"><\/p>\n<p>Ma\u00f1ana continuar\u00e1 la protesta con medidas de similar car\u00e1cter hasta tanto no hay una apertura real de di\u00e1logo a los fines de dar respuesta a las reivindicaciones de los compa\u00f1eros.<\/p>\n<div class=\"epyt-video-wrapper\"><iframe loading=\"lazy\"  style=\"display: block; margin: 0px auto;\"  id=\"_ytid_43931\"  width=\"480\" height=\"270\"  data-origwidth=\"480\" data-origheight=\"270\" src=\"https:\/\/www.youtube.com\/embed\/7dBvDajMTrM?enablejsapi=1&#038;autoplay=0&#038;cc_load_policy=0&#038;cc_lang_pref=&#038;iv_load_policy=3&#038;loop=0&#038;rel=0&#038;fs=1&#038;playsinline=0&#038;autohide=2&#038;theme=dark&#038;color=red&#038;controls=1&#038;disablekb=0&#038;\" class=\"__youtube_prefs__  epyt-is-override  no-lazyload\" title=\"YouTube player\"  allow=\"fullscreen; accelerometer; autoplay; clipboard-write; encrypted-media; gyroscope; picture-in-picture; web-share\" referrerpolicy=\"strict-origin-when-cross-origin\" allowfullscreen data-no-lazy=\"1\" data-skipgform_ajax_framebjll=\"\"><\/iframe><\/div>\n","protected":false},"excerpt":{"rendered":"<p>Los m\u00fasicos mantienen el reclamo del pase a planta ante las autoridades universitarias. Son todos becados con varios a\u00f1os en su haber. En el marco del plan de lucha un grupo de integrantes de la Orquesta Sinf\u00f3nica realiz\u00f3 una protesta tocando sus instrumentos en medio de un congreso acad\u00e9mico que se llevaba a cabo en [&hellip;]<\/p>\n","protected":false},"author":1,"featured_media":19220,"comment_status":"open","ping_status":"open","sticky":false,"template":"","format":"standard","meta":{"_exactmetrics_skip_tracking":false,"_exactmetrics_sitenote_active":false,"_exactmetrics_sitenote_note":"","_exactmetrics_sitenote_category":0,"jnews-multi-image_gallery":[],"jnews_single_post":[],"jnews_primary_category":[],"jnews_social_meta":[],"jnews_review":[],"enable_review":"","type":"","name":"","summary":"","brand":"","sku":"","good":[],"bad":[],"score_override":"","override_value":"","rating":[],"price":[],"jnews_override_counter":[],"jnews_post_split":[],"footnotes":""},"categories":[89],"tags":[136],"class_list":["post-8619","post","type-post","status-publish","format-standard","has-post-thumbnail","hentry","category-unc","tag-unc-orquesta-sinfonica"],"jetpack_featured_media_url":"https:\/\/atecordoba.org\/wp-content\/uploads\/2020\/05\/logo-nuevochico-e1561581322808.png","_links":{"self":[{"href":"https:\/\/atecordoba.org\/index.php?rest_route=\/wp\/v2\/posts\/8619","targetHints":{"allow":["GET"]}}],"collection":[{"href":"https:\/\/atecordoba.org\/index.php?rest_route=\/wp\/v2\/posts"}],"about":[{"href":"https:\/\/atecordoba.org\/index.php?rest_route=\/wp\/v2\/types\/post"}],"author":[{"embeddable":true,"href":"https:\/\/atecordoba.org\/index.php?rest_route=\/wp\/v2\/users\/1"}],"replies":[{"embeddable":true,"href":"https:\/\/atecordoba.org\/index.php?rest_route=%2Fwp%2Fv2%2Fcomments&post=8619"}],"version-history":[{"count":0,"href":"https:\/\/atecordoba.org\/index.php?rest_route=\/wp\/v2\/posts\/8619\/revisions"}],"wp:featuredmedia":[{"embeddable":true,"href":"https:\/\/atecordoba.org\/index.php?rest_route=\/wp\/v2\/media\/19220"}],"wp:attachment":[{"href":"https:\/\/atecordoba.org\/index.php?rest_route=%2Fwp%2Fv2%2Fmedia&parent=8619"}],"wp:term":[{"taxonomy":"category","embeddable":true,"href":"https:\/\/atecordoba.org\/index.php?rest_route=%2Fwp%2Fv2%2Fcategories&post=8619"},{"taxonomy":"post_tag","embeddable":true,"href":"https:\/\/atecordoba.org\/index.php?rest_route=%2Fwp%2Fv2%2Ftags&post=8619"}],"curies":[{"name":"wp","href":"https:\/\/api.w.org\/{rel}","templated":true}]}}