{"id":8614,"date":"2017-06-05T16:43:05","date_gmt":"2017-06-05T19:43:05","guid":{"rendered":"http:\/\/www.atecordoba.org\/?p=8614"},"modified":"2017-06-05T16:43:05","modified_gmt":"2017-06-05T19:43:05","slug":"ate-repudia-la-imputacion-del-companero-ruben-daniele","status":"publish","type":"post","link":"https:\/\/atecordoba.org\/?p=8614","title":{"rendered":"ATE repudia la imputaci\u00f3n del compa\u00f1ero Rub\u00e9n Daniele"},"content":{"rendered":"<p><em>El consejo Directivo Provincial de ATE C\u00f3rdoba repudia la persecuci\u00f3n judicial que sufre el secretario General del Sindicato \u00danico de Empleados Municipales (SUOEM), Rub\u00e9n Daniele, sucedido en el marco del conflicto que el sindicato mantiene con el intendente Ram\u00f3n Mestre.<\/em><\/p>\n<p><img loading=\"lazy\" decoding=\"async\" class=\"aligncenter size-full wp-image-8615\" src=\"http:\/\/www.atecordoba.org\/wp-content\/uploads\/2017\/06\/daniele_5.jpg\" alt=\"\" width=\"462\" height=\"253\"><\/p>\n<p>Desde ATE entendemos que el fiscal que impulsa la imputaci\u00f3n da muestras de un penoso servilismo con el poder pol\u00edtico de la ciudad, a los efectos de amedrentar a los trabajadores municipales y domesticar a su dirigencia gremial, en momentos que se dirime la grav\u00edsima violaci\u00f3n de los derechos de esos compa\u00f1eros, que fueron penosamente escrachados por el Ejecutivo municipal con la publicaci\u00f3n de sus nombres y DNI, junto a salario particular de cada uno.<\/p>\n<p>Esa publicaci\u00f3n de un listado con datos personal\u00edsimos, que violenta la ley de habeas data y la Constituci\u00f3n Nacional, se suma a las constantes amenazas y sanciones por ejercer el derecho a la protesta \u2013tal como da cuentas el propio sindicato-, situaci\u00f3n que en su conjunto trae a la memoria pr\u00e1cticas persecutorias de las \u00e9pocas m\u00e1s nefastas de nuestro pa\u00eds.<\/p>\n<p>En el marco del clima de \u00e9poca que vivimos, el objetivo evidente es avanzar sobre&nbsp;derechos laborales en la Municipalidad de C\u00f3rdoba.<\/p>\n<p>Sin embargo, la Justicia provincial que no se preocupa por actuar de oficio en flagrantes violaciones de los DD.HH. como dejar que el Estado municipal deje sin atenci\u00f3n m\u00e9dica por falta de insumos a los sectores m\u00e1s pobres de la ciudad, en un marco donde la pobreza en el gran C\u00f3rdoba alcanza el brutal 40.5%.<\/p>\n<p>Pero esos mismos funcionarios judiciales, incapaces de garantizar la aplicaci\u00f3n de derechos fundamentales de la ciudadan\u00eda, quienes est\u00e1n siempre prestos para judicializar la protesta y amedrentar a los dirigentes sindicales. Todo con el soporte de los medios masivos.<\/p>\n<p>Esta situaci\u00f3n de ataque sistem\u00e1tico de los dirigentes gremiales que cuentan con el apoyo leg\u00edtimo de los trabajadores se viene repitiendo en otros lugares del pa\u00eds. Vale recordar que recientemente el secretario General de ATE R\u00edo Negro qued\u00f3 detenido, por cinco d\u00edas, por orden de la justicia provincial en el marco de un conflicto gremial. Su adjunto sufri\u00f3 a su vez ocho d\u00edas de c\u00e1rcel por la misma causa.<\/p>\n<p style=\"text-align: left;\">Por todo eso, instamos al poder judicial a detener esta persecuci\u00f3n que no hace m\u00e1s que echar nafta al fuego del conflicto social.<\/p>\n<p style=\"text-align: right;\">Mar\u00eda Liliana Salerno<\/p>\n<p style=\"text-align: right;\">Secretaria General<\/p>\n","protected":false},"excerpt":{"rendered":"<p>El consejo Directivo Provincial de ATE C\u00f3rdoba repudia la persecuci\u00f3n judicial que sufre el secretario General del Sindicato \u00danico de Empleados Municipales (SUOEM), Rub\u00e9n Daniele, sucedido en el marco del conflicto que el sindicato mantiene con el intendente Ram\u00f3n Mestre. Desde ATE entendemos que el fiscal que impulsa la imputaci\u00f3n da muestras de un penoso [&hellip;]<\/p>\n","protected":false},"author":1,"featured_media":19220,"comment_status":"open","ping_status":"open","sticky":false,"template":"","format":"standard","meta":{"_exactmetrics_skip_tracking":false,"_exactmetrics_sitenote_active":false,"_exactmetrics_sitenote_note":"","_exactmetrics_sitenote_category":0,"jnews-multi-image_gallery":[],"jnews_single_post":[],"jnews_primary_category":[],"jnews_social_meta":[],"jnews_review":[],"enable_review":"","type":"","name":"","summary":"","brand":"","sku":"","good":[],"bad":[],"score_override":"","override_value":"","rating":[],"price":[],"jnews_override_counter":[],"jnews_post_split":[],"footnotes":""},"categories":[10],"tags":[],"class_list":["post-8614","post","type-post","status-publish","format-standard","has-post-thumbnail","hentry","category-accion-politica"],"jetpack_featured_media_url":"https:\/\/atecordoba.org\/wp-content\/uploads\/2020\/05\/logo-nuevochico-e1561581322808.png","_links":{"self":[{"href":"https:\/\/atecordoba.org\/index.php?rest_route=\/wp\/v2\/posts\/8614","targetHints":{"allow":["GET"]}}],"collection":[{"href":"https:\/\/atecordoba.org\/index.php?rest_route=\/wp\/v2\/posts"}],"about":[{"href":"https:\/\/atecordoba.org\/index.php?rest_route=\/wp\/v2\/types\/post"}],"author":[{"embeddable":true,"href":"https:\/\/atecordoba.org\/index.php?rest_route=\/wp\/v2\/users\/1"}],"replies":[{"embeddable":true,"href":"https:\/\/atecordoba.org\/index.php?rest_route=%2Fwp%2Fv2%2Fcomments&post=8614"}],"version-history":[{"count":0,"href":"https:\/\/atecordoba.org\/index.php?rest_route=\/wp\/v2\/posts\/8614\/revisions"}],"wp:featuredmedia":[{"embeddable":true,"href":"https:\/\/atecordoba.org\/index.php?rest_route=\/wp\/v2\/media\/19220"}],"wp:attachment":[{"href":"https:\/\/atecordoba.org\/index.php?rest_route=%2Fwp%2Fv2%2Fmedia&parent=8614"}],"wp:term":[{"taxonomy":"category","embeddable":true,"href":"https:\/\/atecordoba.org\/index.php?rest_route=%2Fwp%2Fv2%2Fcategories&post=8614"},{"taxonomy":"post_tag","embeddable":true,"href":"https:\/\/atecordoba.org\/index.php?rest_route=%2Fwp%2Fv2%2Ftags&post=8614"}],"curies":[{"name":"wp","href":"https:\/\/api.w.org\/{rel}","templated":true}]}}