{"id":8611,"date":"2017-06-05T16:30:51","date_gmt":"2017-06-05T19:30:51","guid":{"rendered":"http:\/\/www.atecordoba.org\/?p=8611"},"modified":"2017-06-05T16:30:51","modified_gmt":"2017-06-05T19:30:51","slug":"mesa-de-relaciones-laborales-en-el-hospital-militar","status":"publish","type":"post","link":"https:\/\/atecordoba.org\/?p=8611","title":{"rendered":"Mesa de relaciones laborales en el Hospital Militar"},"content":{"rendered":"<p><em>ATE fue recibido por las autoridades del nosocomio para abordar problemas de condiciones de trabajo y trasladar el reclamo de reencasillamiento.<\/em><\/p>\n<p><img loading=\"lazy\" decoding=\"async\" class=\"aligncenter size-full wp-image-8612\" src=\"http:\/\/www.atecordoba.org\/wp-content\/uploads\/2017\/06\/20170605_113303-e1496691014530.jpg\" alt=\"\" width=\"550\" height=\"413\"><\/p>\n<p>Hoy lunes 5 de junio el paritario nacional de los Trabajadores Civiles, Alejandro Charra,&nbsp;y el delegado del Hospital Militar C\u00f3rdoba, compa\u00f1ero Aldo Izaguirre, &nbsp;Mnatuvieron una reuni\u00f3n formal con&nbsp;el Director M\u00e9dico del Hospital Militar , Dr. Richeta.<\/p>\n<p>Durante la reuni\u00f3n, en la que el director estuvo acompa\u00f1ado por el asesor letrado y la encargada de personal, se formalizaron canales de di\u00e1logo y se estableci\u00f3 una agenda de trabajo para solucionar una serie de problem\u00e1ticas propias del sector, principalmente edilicias, que, en principio y seg\u00fan manifest\u00f3 el Sr. Director, ya est\u00e1n en proceso de resoluci\u00f3n.<\/p>\n<p>El compa\u00f1ero Charra, por su parte, realizo una breve rese\u00f1a de los desaf\u00edos y problem\u00e1ticas futuras que acarreara el reencasillamiento de los trabajadores civiles que all\u00ed se desempe\u00f1an en el CCT 2539\/15 y aprovecho para solicitarle a las autoridades un espacio f\u00edsico para brindar una charla al respecto, a lo que estas accedieron&nbsp; por lo que en el transcurso de la presente semana se llevara a cabo.<\/p>\n","protected":false},"excerpt":{"rendered":"<p>ATE fue recibido por las autoridades del nosocomio para abordar problemas de condiciones de trabajo y trasladar el reclamo de reencasillamiento. Hoy lunes 5 de junio el paritario nacional de los Trabajadores Civiles, Alejandro Charra,&nbsp;y el delegado del Hospital Militar C\u00f3rdoba, compa\u00f1ero Aldo Izaguirre, &nbsp;Mnatuvieron una reuni\u00f3n formal con&nbsp;el Director M\u00e9dico del Hospital Militar , [&hellip;]<\/p>\n","protected":false},"author":1,"featured_media":19220,"comment_status":"open","ping_status":"open","sticky":false,"template":"","format":"standard","meta":{"_exactmetrics_skip_tracking":false,"_exactmetrics_sitenote_active":false,"_exactmetrics_sitenote_note":"","_exactmetrics_sitenote_category":0,"jnews-multi-image_gallery":[],"jnews_single_post":[],"jnews_primary_category":[],"jnews_social_meta":[],"jnews_review":[],"enable_review":"","type":"","name":"","summary":"","brand":"","sku":"","good":[],"bad":[],"score_override":"","override_value":"","rating":[],"price":[],"jnews_override_counter":[],"jnews_post_split":[],"footnotes":""},"categories":[9],"tags":[],"class_list":["post-8611","post","type-post","status-publish","format-standard","has-post-thumbnail","hentry","category-trabajadores-civiles-ff-aa"],"jetpack_featured_media_url":"https:\/\/atecordoba.org\/wp-content\/uploads\/2020\/05\/logo-nuevochico-e1561581322808.png","_links":{"self":[{"href":"https:\/\/atecordoba.org\/index.php?rest_route=\/wp\/v2\/posts\/8611","targetHints":{"allow":["GET"]}}],"collection":[{"href":"https:\/\/atecordoba.org\/index.php?rest_route=\/wp\/v2\/posts"}],"about":[{"href":"https:\/\/atecordoba.org\/index.php?rest_route=\/wp\/v2\/types\/post"}],"author":[{"embeddable":true,"href":"https:\/\/atecordoba.org\/index.php?rest_route=\/wp\/v2\/users\/1"}],"replies":[{"embeddable":true,"href":"https:\/\/atecordoba.org\/index.php?rest_route=%2Fwp%2Fv2%2Fcomments&post=8611"}],"version-history":[{"count":0,"href":"https:\/\/atecordoba.org\/index.php?rest_route=\/wp\/v2\/posts\/8611\/revisions"}],"wp:featuredmedia":[{"embeddable":true,"href":"https:\/\/atecordoba.org\/index.php?rest_route=\/wp\/v2\/media\/19220"}],"wp:attachment":[{"href":"https:\/\/atecordoba.org\/index.php?rest_route=%2Fwp%2Fv2%2Fmedia&parent=8611"}],"wp:term":[{"taxonomy":"category","embeddable":true,"href":"https:\/\/atecordoba.org\/index.php?rest_route=%2Fwp%2Fv2%2Fcategories&post=8611"},{"taxonomy":"post_tag","embeddable":true,"href":"https:\/\/atecordoba.org\/index.php?rest_route=%2Fwp%2Fv2%2Ftags&post=8611"}],"curies":[{"name":"wp","href":"https:\/\/api.w.org\/{rel}","templated":true}]}}