{"id":8605,"date":"2017-06-05T15:59:40","date_gmt":"2017-06-05T18:59:40","guid":{"rendered":"http:\/\/www.atecordoba.org\/?p=8605"},"modified":"2017-06-05T15:59:40","modified_gmt":"2017-06-05T18:59:40","slug":"aguiar-y-capretti-recuperaron-la-libertad","status":"publish","type":"post","link":"https:\/\/atecordoba.org\/?p=8605","title":{"rendered":"Aguiar y Capretti recuperaron la libertad"},"content":{"rendered":"<p><em>Los dirigentes de ATE R\u00edo Negro fueron liberados el s\u00e1bado pasado, luego de cinco d\u00edas y ocho d\u00edas de detenci\u00f3n respectivamente por causas armadas desde el gobierno provincial, que intenta hacer decaer el plan de lucha que lleva adelante&nbsp;nuestro gremio. Brutal complicidad del poder judicial con la estrategia de&nbsp;dicha provincia.<\/em><\/p>\n<p>&nbsp;<img loading=\"lazy\" decoding=\"async\" class=\"aligncenter size-full wp-image-8606\" src=\"http:\/\/www.atecordoba.org\/wp-content\/uploads\/2017\/06\/libres-e1496689006511.jpg\" alt=\"\" width=\"550\" height=\"310\"><\/p>\n<p>Tras su liberaci\u00f3n los dirigentes -junto a los miembros del Consejo Directivo Provincial y el Secretario General de ATE Santa Cruz, Alejandro Garz\u00f3n- encabezaron una emotiva conferencia de prensa en las instalaciones del sindicato en la capital provincial.<\/p>\n<p>&#8220;La c\u00e1rcel es dura, la celda golpea fuerte. Pero no m\u00e1s que el hambre y la pobreza que generan Macri y Weretilneck en este momento&#8221;, enfatiz\u00f3 Rodolfo Aguiar en el comienzo de su discurso tras la liberaci\u00f3n.<\/p>\n<p>&#8220;Estamos saliendo de la detenci\u00f3n por la movilizaci\u00f3n de miles de trabajadores a lo largo y ancho del pa\u00eds. Porque 9 de cada 10 rionegrinos no se creyeron el verso del Gobierno\u201d, manifest\u00f3 Aguiar y agreg\u00f3: &#8220;Quisieron acallarnos cuando denunciamos el megaendeudamiento de la provincia que significa el Plan Castello. Nos metieron presos porque no nos pueden comprar, no nos pueden convencer. Deben saber que mientras sigan dando aumentos en negro y explotando a los trabajadores no vamos a firmar ning\u00fan acuerdo en la mesa de negociaci\u00f3n.\u201d<\/p>\n<p><img loading=\"lazy\" decoding=\"async\" class=\"aligncenter size-full wp-image-8607\" src=\"http:\/\/www.atecordoba.org\/wp-content\/uploads\/2017\/06\/libres-2-e1496689042123.jpg\" alt=\"\" width=\"550\" height=\"309\"><\/p>\n<p>&#8220;Con total irresponsabilidad se habl\u00f3 de una complotaci\u00f3n entre ATE y la oposici\u00f3n. Debemos decirle al Poder Ejecutivo que un Gobierno que tiene la plata y en lugar de pasar a planta permanente a los becados, en lugar de arreglar las escuelas o comprar tom\u00f3grafos, decide comprar vagones de mercader\u00edas para comprar votos, el \u00fanico que complota es el Gobierno Provincial.\u201d<\/p>\n<p>En un mensaje a los estatales rionegrinos Aguiar se\u00f1al\u00f3: &#8220;Hoy ATE es un Gremio m\u00e1s fuerte, es m\u00e1s fuerte que el 25 de mayo cuando se llevaron a Capretti y m\u00e1s fuerte a\u00fan que antes. No hay que esperar m\u00e1s, ahora es cuando \u00a1Af\u00edliate a ATE!&#8221;<\/p>\n<p>Por su parte, el Secretario Adjunto de ATE, Aldo Capretti manifest\u00f3: &#8220;Desde el primer momento, cuando me sacaron de mi casa sab\u00eda que ten\u00eda que gritar y luchar,&nbsp; porque tenemos derechos y hay que defenderlos&#8221;, y complet\u00f3: &#8220;Despu\u00e9s estuvimos en silencio, silencio tranquilo en esta c\u00e1rcel. Muchos mensajes nos acompa\u00f1aron y entonces ni el fr\u00edo, ni la soledad nos pod\u00edan vencer. Sabemos que molestamos, molesta esta coherencia que venimos trayendo desde hace a\u00f1os en ATE\u201d.<\/p>\n<p><img loading=\"lazy\" decoding=\"async\" class=\"aligncenter size-full wp-image-8608\" src=\"http:\/\/www.atecordoba.org\/wp-content\/uploads\/2017\/06\/9807_4896-e1496689079225.jpg\" alt=\"\" width=\"550\" height=\"309\"><\/p>\n<p>Vale se\u00f1alar que ATE C\u00f3rdoba estuvo presente en la figura de nuestra secretaria General, Mar\u00eda Liliana Salerno, que se traslad\u00f3 a Viedma junto a dirigentes de otros provincias y a la conducci\u00f3n nacional para reclamar la liberaci\u00f3n que finalmente se concret\u00f3.<\/p>\n<p><strong>Sobre la causa judicial<\/strong><\/p>\n<p>Cabe mencionar que la Justicia a\u00fan no ha definido si los dirigentes se encuentran procesados o no, por el expediente judicial abierto en la causa que tramita bajo el Juzgado de Instrucci\u00f3n 4 de la ciudad de Viedma a cargo de Carlos Mohamed Mussi, tras la represi\u00f3n policial que tuvo lugar en las puertas de la Legislatura cuando se sancion\u00f3 el nefasto endeudamiento provincial bajo el nombre de &#8220;Plan Castello&#8221;.<\/p>\n<p>En la causa armada, donde d\u00eda tras d\u00edas van cayendo los argumentos, se ve la mano del Gobierno de Alberto Weretilneck quien a todas luces quiere sacar del juego a los dirigentes que se atrevieron, no s\u00f3lo a discutir las condiciones de trabajo y salariales de los estatales, sino que tambi\u00e9n avanzaron en la discusi\u00f3n sobre el rol del Estado.<\/p>\n<p><img loading=\"lazy\" decoding=\"async\" class=\"aligncenter size-full wp-image-8609\" src=\"http:\/\/www.atecordoba.org\/wp-content\/uploads\/2017\/06\/libres-3-e1496689116714.jpg\" alt=\"\" width=\"550\" height=\"307\"><\/p>\n<p>Al respecto, Aguiar&nbsp;se\u00f1al\u00f3: &#8220;hay una causa jur\u00eddica totalmente inconsistente. Nos imputan un delito que no existi\u00f3 y no existe, que s\u00f3lo existe en la cabeza de alg\u00fan funcionario provincial&#8221; y advirti\u00f3: &#8220;no queremos que en nuestra causa intervengan jueces que tengan denuncias pendientes en el Consejo de la Magistratura, que es el \u00fanico que est\u00e1 impartiendo Justicia en esta provincia. Nos invade la duda, porque algunos ya han estado prejuzgando y se ejerci\u00f3 mucha presi\u00f3n desde otras esferas del Poder Judicial para que no nos liberen\u201d.<\/p>\n<p>&#8220;Los polic\u00edas lamentablemente heridos se han convertido en querellantes, pero por decisi\u00f3n del Poder Ejecutivo han impugnado nuestra libertad, cuando est\u00e1 probado que en las causas por sus lesiones ni Aguiar ni Capretti est\u00e1n vinculados&#8221;, concluy\u00f3 el dirigente estatal.<\/p>\n<p>La Conducci\u00f3n Nacional de ATE estuvo representada en la rueda de prensa por el Secretario General de ATE de la provincia de Santa Cruz, Alejandro Garz\u00f3n, quien agradeci\u00f3 a la militancia y a la familia de los dirigentes detenidos y se\u00f1al\u00f3: &#8220;Ratificando nuestra autonom\u00eda de los partidos pol\u00edticos y de los gobiernos, el 24 de mayo pasado fuimos a la Legislatura a defender los intereses de todos los rionegrinos\u201d.<\/p>\n<p><strong>Acompa\u00f1amiento masivo para Aguiar y Capretti<\/strong><\/p>\n<p>En otro tramo de la conferencia, los dirigentes provinciales agradecieron el acompa\u00f1amiento enorme del Consejo Directivo Nacional del Sindicato, del Equipo Jur\u00eddico Provincial y Nacional -Coordinado por Juan Carlos Capurro e integrado por Mat\u00edas Cremonte, Diego Sachetti, Ail\u00e9n Roca y Diego Broggini. Tambi\u00e9n se agradeci\u00f3 a las innumerables muestras de acompa\u00f1amiento y solidaridad que llegaron desde distintas organizaciones sociales, sindicales, pol\u00edticas, culturales y hasta de miembros de distintas iglesias y credos.<\/p>\n<p>Capurro hab\u00eda detallado la nula consistencia de la causa judicial al reclamar la liberaci\u00f3n de los compa\u00f1eros.<\/p>\n<div class=\"epyt-video-wrapper\"><iframe loading=\"lazy\"  style=\"display: block; margin: 0px auto;\"  id=\"_ytid_51850\"  width=\"480\" height=\"270\"  data-origwidth=\"480\" data-origheight=\"270\" src=\"https:\/\/www.youtube.com\/embed\/VC97wYtXT8k?enablejsapi=1&#038;autoplay=0&#038;cc_load_policy=0&#038;cc_lang_pref=&#038;iv_load_policy=3&#038;loop=0&#038;rel=0&#038;fs=1&#038;playsinline=0&#038;autohide=2&#038;theme=dark&#038;color=red&#038;controls=1&#038;disablekb=0&#038;\" class=\"__youtube_prefs__  epyt-is-override  no-lazyload\" title=\"YouTube player\"  allow=\"fullscreen; accelerometer; autoplay; clipboard-write; encrypted-media; gyroscope; picture-in-picture; web-share\" referrerpolicy=\"strict-origin-when-cross-origin\" allowfullscreen data-no-lazy=\"1\" data-skipgform_ajax_framebjll=\"\"><\/iframe><\/div>\n<p><strong>\u201cCelebramos la entereza de los compa\u00f1eros\u201d<\/strong><\/p>\n<p>Por su parte, Hugo \u201cCachorro\u201d Godoy, Secretario General de ATE nacional, se\u00f1al\u00f3 que \u201cla persecuci\u00f3n pol\u00edtica que ha desencajado el gobernador evidentemente ha fracasado porque todas sus acusaciones son infamias y no hab\u00eda razones para mantenerlos detenidos\u201d.<\/p>\n<p>En ese contexto, remarc\u00f3 que \u201cexigimos el inmediato desprocesamiento de nuestros dos compa\u00f1eros y de todos los luchadores populares\u201d.&nbsp;Finalmente, remarc\u00f3 que \u201ccelebramos la entereza de los compa\u00f1eros, la contundencia de todo ATE a nivel nacional y de las organizaciones internacionales que nos acompa\u00f1an y se solidarizaron en este momento\u201d.<\/p>\n<p>&nbsp;<\/p>\n","protected":false},"excerpt":{"rendered":"<p>Los dirigentes de ATE R\u00edo Negro fueron liberados el s\u00e1bado pasado, luego de cinco d\u00edas y ocho d\u00edas de detenci\u00f3n respectivamente por causas armadas desde el gobierno provincial, que intenta hacer decaer el plan de lucha que lleva adelante&nbsp;nuestro gremio. Brutal complicidad del poder judicial con la estrategia de&nbsp;dicha provincia. &nbsp; Tras su liberaci\u00f3n los [&hellip;]<\/p>\n","protected":false},"author":1,"featured_media":19220,"comment_status":"open","ping_status":"open","sticky":false,"template":"","format":"standard","meta":{"_exactmetrics_skip_tracking":false,"_exactmetrics_sitenote_active":false,"_exactmetrics_sitenote_note":"","_exactmetrics_sitenote_category":0,"jnews-multi-image_gallery":[],"jnews_single_post":[],"jnews_primary_category":[],"jnews_social_meta":[],"jnews_review":[],"enable_review":"","type":"","name":"","summary":"","brand":"","sku":"","good":[],"bad":[],"score_override":"","override_value":"","rating":[],"price":[],"jnews_override_counter":[],"jnews_post_split":[],"footnotes":""},"categories":[10,18],"tags":[],"class_list":["post-8605","post","type-post","status-publish","format-standard","has-post-thumbnail","hentry","category-accion-politica","category-nacionales"],"jetpack_featured_media_url":"https:\/\/atecordoba.org\/wp-content\/uploads\/2020\/05\/logo-nuevochico-e1561581322808.png","_links":{"self":[{"href":"https:\/\/atecordoba.org\/index.php?rest_route=\/wp\/v2\/posts\/8605","targetHints":{"allow":["GET"]}}],"collection":[{"href":"https:\/\/atecordoba.org\/index.php?rest_route=\/wp\/v2\/posts"}],"about":[{"href":"https:\/\/atecordoba.org\/index.php?rest_route=\/wp\/v2\/types\/post"}],"author":[{"embeddable":true,"href":"https:\/\/atecordoba.org\/index.php?rest_route=\/wp\/v2\/users\/1"}],"replies":[{"embeddable":true,"href":"https:\/\/atecordoba.org\/index.php?rest_route=%2Fwp%2Fv2%2Fcomments&post=8605"}],"version-history":[{"count":0,"href":"https:\/\/atecordoba.org\/index.php?rest_route=\/wp\/v2\/posts\/8605\/revisions"}],"wp:featuredmedia":[{"embeddable":true,"href":"https:\/\/atecordoba.org\/index.php?rest_route=\/wp\/v2\/media\/19220"}],"wp:attachment":[{"href":"https:\/\/atecordoba.org\/index.php?rest_route=%2Fwp%2Fv2%2Fmedia&parent=8605"}],"wp:term":[{"taxonomy":"category","embeddable":true,"href":"https:\/\/atecordoba.org\/index.php?rest_route=%2Fwp%2Fv2%2Fcategories&post=8605"},{"taxonomy":"post_tag","embeddable":true,"href":"https:\/\/atecordoba.org\/index.php?rest_route=%2Fwp%2Fv2%2Ftags&post=8605"}],"curies":[{"name":"wp","href":"https:\/\/api.w.org\/{rel}","templated":true}]}}