{"id":8602,"date":"2017-06-05T15:20:25","date_gmt":"2017-06-05T18:20:25","guid":{"rendered":"http:\/\/www.atecordoba.org\/?p=8602"},"modified":"2020-06-09T15:38:56","modified_gmt":"2020-06-09T18:38:56","slug":"ate-repudia-y-exige-justicia-por-el-asesinato-de-una-trabajadora-de-senaf","status":"publish","type":"post","link":"https:\/\/atecordoba.org\/?p=8602","title":{"rendered":"ATE repudia y exige justicia por el asesinato de una trabajadora de Senaf"},"content":{"rendered":"<p><em>A horas de una nueva convocatoria de #NiUnaMenos, Ana Rosa Barrera, de 46 a\u00f1os, trabajadora de la Secretar\u00eda de Ni\u00f1ez, Adolescencia y Familia (Senaf) de C\u00f3rdoba y madre de cuatro hijos fue encontrada asesinada por su pareja.&nbsp;<\/em><\/p>\n<p><img loading=\"lazy\" decoding=\"async\" class=\"aligncenter size-full wp-image-8603\" src=\"http:\/\/atecordoba.org\/wp-content\/uploads\/2020\/06\/compa\u00f1era-senaf-e1496686788584.jpg\" alt=\"\" width=\"550\" height=\"310\"><\/p>\n<p>Desde ATE exigimos justicia y se aclara que \u201cno dejaremos las calles, vamos a exigir la mayor condena porque no van a enterrar nuestras voces. #NUnaMenos ya que #VivasNosQueremos\u201d.<\/p>\n<p>El cad\u00e1ver de la compa\u00f1era, que viv\u00eda en barrio Los Cedros junto a su pareja, apareci\u00f3 seccionado. El concubino de Ana Rosa, Marcelo Ferraretto, confes\u00f3 su participaci\u00f3n minutos antes de que los perros de la Polic\u00eda encuentren los restos.<\/p>\n<p>Al mismo tiempo enviamos un fraternal acompa\u00f1amiento a sus compa\u00f1eros de trabajo.<\/p>\n<p>Cada mujer que sufre la violencia de g\u00e9nero es un motivo m\u00e1s para la lucha.<\/p>\n","protected":false},"excerpt":{"rendered":"<p>A horas de una nueva convocatoria de #NiUnaMenos, Ana Rosa Barrera, de 46 a\u00f1os, trabajadora de la Secretar\u00eda de Ni\u00f1ez, Adolescencia y Familia (Senaf) de C\u00f3rdoba y madre de cuatro hijos fue encontrada asesinada por su pareja.&nbsp; Desde ATE exigimos justicia y se aclara que \u201cno dejaremos las calles, vamos a exigir la mayor condena [&hellip;]<\/p>\n","protected":false},"author":1,"featured_media":19220,"comment_status":"open","ping_status":"open","sticky":false,"template":"","format":"standard","meta":{"_exactmetrics_skip_tracking":false,"_exactmetrics_sitenote_active":false,"_exactmetrics_sitenote_note":"","_exactmetrics_sitenote_category":0,"jnews-multi-image_gallery":[],"jnews_single_post":[],"jnews_primary_category":[],"jnews_social_meta":[],"jnews_review":[],"enable_review":"","type":"","name":"","summary":"","brand":"","sku":"","good":[],"bad":[],"score_override":"","override_value":"","rating":[],"price":[],"jnews_override_counter":[],"jnews_post_split":[],"footnotes":""},"categories":[10,325],"tags":[],"class_list":["post-8602","post","type-post","status-publish","format-standard","has-post-thumbnail","hentry","category-accion-politica","category-generos-y-diversidades"],"jetpack_featured_media_url":"https:\/\/atecordoba.org\/wp-content\/uploads\/2020\/05\/logo-nuevochico-e1561581322808.png","_links":{"self":[{"href":"https:\/\/atecordoba.org\/index.php?rest_route=\/wp\/v2\/posts\/8602","targetHints":{"allow":["GET"]}}],"collection":[{"href":"https:\/\/atecordoba.org\/index.php?rest_route=\/wp\/v2\/posts"}],"about":[{"href":"https:\/\/atecordoba.org\/index.php?rest_route=\/wp\/v2\/types\/post"}],"author":[{"embeddable":true,"href":"https:\/\/atecordoba.org\/index.php?rest_route=\/wp\/v2\/users\/1"}],"replies":[{"embeddable":true,"href":"https:\/\/atecordoba.org\/index.php?rest_route=%2Fwp%2Fv2%2Fcomments&post=8602"}],"version-history":[{"count":1,"href":"https:\/\/atecordoba.org\/index.php?rest_route=\/wp\/v2\/posts\/8602\/revisions"}],"predecessor-version":[{"id":19974,"href":"https:\/\/atecordoba.org\/index.php?rest_route=\/wp\/v2\/posts\/8602\/revisions\/19974"}],"wp:featuredmedia":[{"embeddable":true,"href":"https:\/\/atecordoba.org\/index.php?rest_route=\/wp\/v2\/media\/19220"}],"wp:attachment":[{"href":"https:\/\/atecordoba.org\/index.php?rest_route=%2Fwp%2Fv2%2Fmedia&parent=8602"}],"wp:term":[{"taxonomy":"category","embeddable":true,"href":"https:\/\/atecordoba.org\/index.php?rest_route=%2Fwp%2Fv2%2Fcategories&post=8602"},{"taxonomy":"post_tag","embeddable":true,"href":"https:\/\/atecordoba.org\/index.php?rest_route=%2Fwp%2Fv2%2Ftags&post=8602"}],"curies":[{"name":"wp","href":"https:\/\/api.w.org\/{rel}","templated":true}]}}