{"id":8591,"date":"2017-06-05T13:42:01","date_gmt":"2017-06-05T16:42:01","guid":{"rendered":"http:\/\/www.atecordoba.org\/?p=8591"},"modified":"2017-06-05T13:42:01","modified_gmt":"2017-06-05T16:42:01","slug":"jubilados-se-movilizan-junto-a-activos-al-pami-contra-los-recortes","status":"publish","type":"post","link":"https:\/\/atecordoba.org\/?p=8591","title":{"rendered":"Jubilados se movilizan junto a activos contra los recortes en el PAMI"},"content":{"rendered":"<p><em>El pr\u00f3ximo mi\u00e9rcoles 7 de junio, a las 10 horas, el Centro de Jubilados de ATE de C\u00f3rdoba, junto a la Federaci\u00f3n Independiente de Jubilados y la Uni\u00f3n Federativa de Jubilados, entre otras organizaciones, se movilizar\u00e1 frente a la sede de PAMI C\u00f3rdoba Capital, cita en avenida General Paz.<\/em><\/p>\n<p><img loading=\"lazy\" decoding=\"async\" class=\"aligncenter size-full wp-image-8592\" src=\"http:\/\/www.atecordoba.org\/wp-content\/uploads\/2017\/06\/JUBILADOS-1-e1496680855832.jpeg\" alt=\"\" width=\"550\" height=\"330\"><\/p>\n<p>La medida fue resuelta en plenario de organizaciones a los efectos de reclamar a las autoridades:<\/p>\n<ul>\n<li>Terminar con las carencias de medicamentos<\/li>\n<li>Fin a las restricciones para autorizar Prestaciones Sociales, que se mantienen valores de dos a\u00f1os atr\u00e1s, a pesar del proceso inflacionario sufrido<\/li>\n<li>Reiniciar las actividades Sociales Preventivas suspendidas.<\/li>\n<li>Rechazar el pase de la Geriatr\u00eda Social a Prestaciones Medicas, porque no tienen nada que ver entre s\u00ed. La medida menoscaba la atenci\u00f3n social de los beneficiarios del PAMI.<\/li>\n<\/ul>\n<p>Las organizaciones de jubilados expresan la necesidad de encausar el debate sobre el sistema previsional nacional en un marco de garant\u00edas que se comprometa a la defensa de la Seguridad Social y rechace la suba de la edad jubilatorio, repudie la privatizaci\u00f3n del Sistema Previsional as\u00ed como la armonizaci\u00f3n y transferencia de las cajas provinciales, al tiempo que se\u00f1alan la urgente necesidad de hacer conocer el Proyecto de Ley&nbsp; presentado en el Congreso Nacional para la defensa del 82% m\u00f3vil a todos y a todas los jubilados. El mismo contiene el mecanismo de financiaci\u00f3n del sistema previsional.<\/p>\n<p>En la oportunidad estar\u00e1n presentes tambi\u00e9n trabajadores activos en tanto ATE entiende la urgencia de defender y sostener el sistema previsional solidario argentino, \u00fanico por su dimensi\u00f3n en la regi\u00f3n.<\/p>\n","protected":false},"excerpt":{"rendered":"<p>El pr\u00f3ximo mi\u00e9rcoles 7 de junio, a las 10 horas, el Centro de Jubilados de ATE de C\u00f3rdoba, junto a la Federaci\u00f3n Independiente de Jubilados y la Uni\u00f3n Federativa de Jubilados, entre otras organizaciones, se movilizar\u00e1 frente a la sede de PAMI C\u00f3rdoba Capital, cita en avenida General Paz. La medida fue resuelta en plenario [&hellip;]<\/p>\n","protected":false},"author":1,"featured_media":19220,"comment_status":"open","ping_status":"open","sticky":false,"template":"","format":"standard","meta":{"_exactmetrics_skip_tracking":false,"_exactmetrics_sitenote_active":false,"_exactmetrics_sitenote_note":"","_exactmetrics_sitenote_category":0,"jnews-multi-image_gallery":[],"jnews_single_post":[],"jnews_primary_category":[],"jnews_social_meta":[],"jnews_review":[],"enable_review":"","type":"","name":"","summary":"","brand":"","sku":"","good":[],"bad":[],"score_override":"","override_value":"","rating":[],"price":[],"jnews_override_counter":[],"jnews_post_split":[],"footnotes":""},"categories":[22],"tags":[],"class_list":["post-8591","post","type-post","status-publish","format-standard","has-post-thumbnail","hentry","category-jubilados"],"jetpack_featured_media_url":"https:\/\/atecordoba.org\/wp-content\/uploads\/2020\/05\/logo-nuevochico-e1561581322808.png","_links":{"self":[{"href":"https:\/\/atecordoba.org\/index.php?rest_route=\/wp\/v2\/posts\/8591","targetHints":{"allow":["GET"]}}],"collection":[{"href":"https:\/\/atecordoba.org\/index.php?rest_route=\/wp\/v2\/posts"}],"about":[{"href":"https:\/\/atecordoba.org\/index.php?rest_route=\/wp\/v2\/types\/post"}],"author":[{"embeddable":true,"href":"https:\/\/atecordoba.org\/index.php?rest_route=\/wp\/v2\/users\/1"}],"replies":[{"embeddable":true,"href":"https:\/\/atecordoba.org\/index.php?rest_route=%2Fwp%2Fv2%2Fcomments&post=8591"}],"version-history":[{"count":0,"href":"https:\/\/atecordoba.org\/index.php?rest_route=\/wp\/v2\/posts\/8591\/revisions"}],"wp:featuredmedia":[{"embeddable":true,"href":"https:\/\/atecordoba.org\/index.php?rest_route=\/wp\/v2\/media\/19220"}],"wp:attachment":[{"href":"https:\/\/atecordoba.org\/index.php?rest_route=%2Fwp%2Fv2%2Fmedia&parent=8591"}],"wp:term":[{"taxonomy":"category","embeddable":true,"href":"https:\/\/atecordoba.org\/index.php?rest_route=%2Fwp%2Fv2%2Fcategories&post=8591"},{"taxonomy":"post_tag","embeddable":true,"href":"https:\/\/atecordoba.org\/index.php?rest_route=%2Fwp%2Fv2%2Ftags&post=8591"}],"curies":[{"name":"wp","href":"https:\/\/api.w.org\/{rel}","templated":true}]}}