{"id":8583,"date":"2017-06-01T13:13:38","date_gmt":"2017-06-01T16:13:38","guid":{"rendered":"http:\/\/www.atecordoba.org\/?p=8583"},"modified":"2017-06-01T13:13:38","modified_gmt":"2017-06-01T16:13:38","slug":"el-congreso-nacional-de-ate-aprobo-de-forma-unanime-su-plan-de-lucha","status":"publish","type":"post","link":"https:\/\/atecordoba.org\/?p=8583","title":{"rendered":"El Congreso Nacional de ATE aprob\u00f3 de forma un\u00e1nime su plan de lucha"},"content":{"rendered":"<p><em>Se vot\u00f3 acciones de alcance nacional para el 7 de junio por la libertad de los dirigentes Aguiar y Capretti. El 14 de junio Paro Nacional.<\/em><\/p>\n<div class=\"epyt-video-wrapper\"><iframe loading=\"lazy\"  style=\"display: block; margin: 0px auto;\"  id=\"_ytid_13552\"  width=\"480\" height=\"270\"  data-origwidth=\"480\" data-origheight=\"270\" src=\"https:\/\/www.youtube.com\/embed\/ID3F_Lzf_eU?enablejsapi=1&#038;autoplay=0&#038;cc_load_policy=0&#038;cc_lang_pref=&#038;iv_load_policy=3&#038;loop=0&#038;rel=0&#038;fs=1&#038;playsinline=0&#038;autohide=2&#038;theme=dark&#038;color=red&#038;controls=1&#038;disablekb=0&#038;\" class=\"__youtube_prefs__  epyt-is-override  no-lazyload\" title=\"YouTube player\"  allow=\"fullscreen; accelerometer; autoplay; clipboard-write; encrypted-media; gyroscope; picture-in-picture; web-share\" referrerpolicy=\"strict-origin-when-cross-origin\" allowfullscreen data-no-lazy=\"1\" data-skipgform_ajax_framebjll=\"\"><\/iframe><\/div>\n<p>El 62 Congreso ordinario de ATE&nbsp; aprob\u00f3 por unanimidad un plan de lucha para los meses venideros&nbsp; con reivindicaciones por los derechos de las y los estatales, la libertad de los presos por luchar y contra la violencia de g\u00e9nero.<\/p>\n<p><img loading=\"lazy\" decoding=\"async\" class=\"aligncenter size-full wp-image-8585\" src=\"http:\/\/www.atecordoba.org\/wp-content\/uploads\/2017\/06\/votacion-e1496333461240.jpg\" alt=\"\" width=\"550\" height=\"367\"><\/p>\n<p>Las medidas aprobadas por los congresales fueron:<\/p>\n<ul>\n<li>7 de junio: Acciones en la Casa de R\u00edo Negro en Capital Federal, en Viedma y en el resto del pa\u00eds bajo la consigna \u201cpor la libertad ya de los compa\u00f1eros presos por luchar, Rodolfo Aguiar y Aldo Capretti\u201d. Aguiar y Capretti, Secretarios General y Adjunto de ATE R\u00edo Negro, respectivamente est\u00e1n presos desde fines de la semana pasada por encabezar la marcha contra el plan de ajuste y endeudamiento aprobado por la Legislatura rionegrina.<img loading=\"lazy\" decoding=\"async\" class=\"size-full wp-image-8586 alignright\" src=\"http:\/\/www.atecordoba.org\/wp-content\/uploads\/2017\/06\/grupal-e1496333500536.jpg\" alt=\"\" width=\"350\" height=\"233\"><\/li>\n<li>14 de junio: Paro nacional de trabajadoras y trabajadores estatales: contra el ajuste, la bonificaci\u00f3n del presentismo y la productividad, y por la reincorporaci\u00f3n de los despedidos y el fin de la precarizaci\u00f3n laboral, todos reclamos que viene sosteniendo el gremio.<\/li>\n<li>3 de junio: Acompa\u00f1ar la marcha impulsada por el colectivo Ni una Menos y las trabajadoras de ATE contra las violencias de g\u00e9nero.<\/li>\n<li>27 de junio: Construir la Jornada Latinoamericana y Caribe\u00f1a en defensa de un sistema de seguridad social p\u00fablico, estatal, solidario y justo.<\/li>\n<li>25 de noviembre: Participar de la Jornada que impulsa CLATE por la erradicaci\u00f3n de todo tipo&nbsp; de violencia hacia la mujer en Latinoamerica.<\/li>\n<li>Tambi\u00e9n para noviembre, se aprob\u00f3 movilizar en repudio de la reuni\u00f3n de la OMC, en defensa de la democracia y contra las trasnacionales.<\/li>\n<\/ul>\n<p><img loading=\"lazy\" decoding=\"async\" class=\"aligncenter size-full wp-image-8587\" src=\"http:\/\/www.atecordoba.org\/wp-content\/uploads\/2017\/06\/cartel-e1496333531739.jpg\" alt=\"\" width=\"550\" height=\"367\"><\/p>\n<p>Asimismo, el Congreso Nacional de ATE aprob\u00f3 la venta de tres inmuebles y la compra, con esos fondos y en las mismas localidades, de otros inmuebles m\u00e1s acordes al crecimiento de la actividad gremial, solicitados por el CDP de Entre R\u00edos para su sede de Paran\u00e1, y por las seccionales Quilmes (Provincia de Buenos Aires) y Gualeguaych\u00fa (Entre R\u00edos).<\/p>\n<p><img loading=\"lazy\" decoding=\"async\" class=\"aligncenter size-full wp-image-8588\" src=\"http:\/\/www.atecordoba.org\/wp-content\/uploads\/2017\/06\/detalle-grupal-e1496333567580.jpg\" alt=\"\" width=\"550\" height=\"367\"><\/p>\n<p>Al cierre del Congreso se ley\u00f3 la adhesi\u00f3n de la Confederazione Generale Italiana del Lavoro (CGIL) al reclamo por la libertad de Roberto Aguiar y Aldo Capretti, que fue presentada hoy en esa provincia.<\/p>\n","protected":false},"excerpt":{"rendered":"<p>Se vot\u00f3 acciones de alcance nacional para el 7 de junio por la libertad de los dirigentes Aguiar y Capretti. El 14 de junio Paro Nacional. El 62 Congreso ordinario de ATE&nbsp; aprob\u00f3 por unanimidad un plan de lucha para los meses venideros&nbsp; con reivindicaciones por los derechos de las y los estatales, la libertad [&hellip;]<\/p>\n","protected":false},"author":1,"featured_media":19220,"comment_status":"open","ping_status":"open","sticky":false,"template":"","format":"standard","meta":{"_exactmetrics_skip_tracking":false,"_exactmetrics_sitenote_active":false,"_exactmetrics_sitenote_note":"","_exactmetrics_sitenote_category":0,"jnews-multi-image_gallery":[],"jnews_single_post":[],"jnews_primary_category":[],"jnews_social_meta":[],"jnews_review":[],"enable_review":"","type":"","name":"","summary":"","brand":"","sku":"","good":[],"bad":[],"score_override":"","override_value":"","rating":[],"price":[],"jnews_override_counter":[],"jnews_post_split":[],"footnotes":""},"categories":[10],"tags":[],"class_list":["post-8583","post","type-post","status-publish","format-standard","has-post-thumbnail","hentry","category-accion-politica"],"jetpack_featured_media_url":"https:\/\/atecordoba.org\/wp-content\/uploads\/2020\/05\/logo-nuevochico-e1561581322808.png","_links":{"self":[{"href":"https:\/\/atecordoba.org\/index.php?rest_route=\/wp\/v2\/posts\/8583","targetHints":{"allow":["GET"]}}],"collection":[{"href":"https:\/\/atecordoba.org\/index.php?rest_route=\/wp\/v2\/posts"}],"about":[{"href":"https:\/\/atecordoba.org\/index.php?rest_route=\/wp\/v2\/types\/post"}],"author":[{"embeddable":true,"href":"https:\/\/atecordoba.org\/index.php?rest_route=\/wp\/v2\/users\/1"}],"replies":[{"embeddable":true,"href":"https:\/\/atecordoba.org\/index.php?rest_route=%2Fwp%2Fv2%2Fcomments&post=8583"}],"version-history":[{"count":0,"href":"https:\/\/atecordoba.org\/index.php?rest_route=\/wp\/v2\/posts\/8583\/revisions"}],"wp:featuredmedia":[{"embeddable":true,"href":"https:\/\/atecordoba.org\/index.php?rest_route=\/wp\/v2\/media\/19220"}],"wp:attachment":[{"href":"https:\/\/atecordoba.org\/index.php?rest_route=%2Fwp%2Fv2%2Fmedia&parent=8583"}],"wp:term":[{"taxonomy":"category","embeddable":true,"href":"https:\/\/atecordoba.org\/index.php?rest_route=%2Fwp%2Fv2%2Fcategories&post=8583"},{"taxonomy":"post_tag","embeddable":true,"href":"https:\/\/atecordoba.org\/index.php?rest_route=%2Fwp%2Fv2%2Ftags&post=8583"}],"curies":[{"name":"wp","href":"https:\/\/api.w.org\/{rel}","templated":true}]}}