{"id":8576,"date":"2017-05-31T16:51:42","date_gmt":"2017-05-31T19:51:42","guid":{"rendered":"http:\/\/www.atecordoba.org\/?p=8576"},"modified":"2017-05-31T16:51:42","modified_gmt":"2017-05-31T19:51:42","slug":"la-seccional-villa-maria-organizo-una-reunion-en-el-concejo-deliberante","status":"publish","type":"post","link":"https:\/\/atecordoba.org\/?p=8576","title":{"rendered":"La seccional Villa Maria organiz\u00f3 una \u00a0reuni\u00f3n en el Concejo Deliberante"},"content":{"rendered":"<div dir=\"auto\">&nbsp;<\/div>\n<div dir=\"auto\"><em>La F\u00e1brica Militar de P\u00f3lvoras y Explosivos deja en sueldos y pagos a proveedores locales unos 17 millones de pesos mensuales (algo m\u00e1s de 200 millones al a\u00f1o). Eso es lo que salieron a explicar desde <span id=\"OBJ_PREFIX_DWT120_com_zimbra_date\" class=\"Object\"><span id=\"OBJ_PREFIX_DWT132_com_zimbra_date\" class=\"Object\">ayer<\/span><\/span> los trabajadores del establecimiento, para que Villa <span id=\"OBJ_PREFIX_DWT121_com_zimbra_date\" class=\"Object\"><span id=\"OBJ_PREFIX_DWT133_com_zimbra_date\" class=\"Object\">Mar<\/span><\/span>\u00eda haga causa com\u00fan y los ayude a mantener la fuente de trabajo y reactivarla.<\/em><\/div>\n<div dir=\"auto\"><img loading=\"lazy\" decoding=\"async\" class=\"aligncenter size-full wp-image-8577\" src=\"http:\/\/www.atecordoba.org\/wp-content\/uploads\/2017\/05\/6-e1496260053619.jpg\" alt=\"\" width=\"550\" height=\"309\"><\/div>\n<div dir=\"auto\">Aspecto que presentaba anoche el Deliberante, con el sal\u00f3n colmado y mucha gente en los pasillos<\/div>\n<div dir=\"auto\"><span id=\"OBJ_PREFIX_DWT122_com_zimbra_date\" class=\"Object\"><span id=\"OBJ_PREFIX_DWT134_com_zimbra_date\" class=\"Object\">Hoy<\/span><\/span> <span id=\"OBJ_PREFIX_DWT123_com_zimbra_date\" class=\"Object\"><span id=\"OBJ_PREFIX_DWT135_com_zimbra_date\" class=\"Object\">31 de mayo<\/span><\/span> &nbsp;se cumplen 80 a\u00f1os de la creaci\u00f3n de la F\u00e1brica de P\u00f3lvoras y Explosivos de Villa <span id=\"OBJ_PREFIX_DWT124_com_zimbra_date\" class=\"Object\"><span id=\"OBJ_PREFIX_DWT136_com_zimbra_date\" class=\"Object\">Mar<\/span><\/span>\u00eda, concebida por el general Manuel Nicol\u00e1s Savio como parte de un complejo que se completaba con los establecimientos de R\u00edo Tercero, en nuestra provincia de C\u00f3rdoba; Azul, en la provincia de Buenos Aires, y Fray Luis Beltr\u00e1n, en la provincia de Santa Fe. As\u00ed se mantuvo hasta que hace apenas tres a\u00f1os, en 2014, se incorpor\u00f3 un quinto establecimiento, en San Jos\u00e9 de J\u00e1chal, en la provincia de San Juan.<\/div>\n<div dir=\"auto\"><img loading=\"lazy\" decoding=\"async\" class=\"aligncenter size-full wp-image-8578\" src=\"http:\/\/www.atecordoba.org\/wp-content\/uploads\/2017\/05\/5-e1496260076282.jpg\" alt=\"\" width=\"550\" height=\"367\"><\/div>\n<div dir=\"auto\">A esos \u201cbuques insignias\u201d se sumaron a lo largo de las d\u00e9cadas otros establecimientos sat\u00e9lites, con el objetivo de que la producci\u00f3n para la defensa nacional estuviese en manos de los argentinos.<\/div>\n<div dir=\"auto\">Anoche, el Concejo Deliberante de Villa <span id=\"OBJ_PREFIX_DWT125_com_zimbra_date\" class=\"Object\"><span id=\"OBJ_PREFIX_DWT137_com_zimbra_date\" class=\"Object\">Mar<\/span><\/span>\u00eda, convertido en aut\u00e9ntica Casa del Pueblo, como se le suele llamar ocasionalmente, recibi\u00f3 a m\u00e1s de un centenar de los 400 trabajadores actuales, quienes colmaron el Sal\u00f3n Eva Per\u00f3n y el hall de entrada y algunos pasillos.<\/div>\n<div dir=\"auto\"><img loading=\"lazy\" decoding=\"async\" class=\"aligncenter size-full wp-image-8579\" src=\"http:\/\/www.atecordoba.org\/wp-content\/uploads\/2017\/05\/4-e1496260100585.jpg\" alt=\"\" width=\"550\" height=\"550\"><\/div>\n<div dir=\"auto\">Los operarios, acompa\u00f1ados por dirigentes de nuestro &nbsp;gremio, ATE Villa Mar\u00eda y &nbsp;de su central sindical, CTA-Aut\u00f3noma; de otros enrolados en la CGT, como Comercio y Simpecaf;\u2008por la Federaci\u00f3n de Estudiantes de Villa <span id=\"OBJ_PREFIX_DWT126_com_zimbra_date\" class=\"Object\"><span id=\"OBJ_PREFIX_DWT138_com_zimbra_date\" class=\"Object\">Mar<\/span><\/span>\u00eda y por vecinalistas, entre otros dirigentes sociales, le relataron a los ediles oficialistas y opositores \u201cla gran preocupaci\u00f3n\u201d reinante por comprobar en lo cotidiano que no existe un plan director para el complejo en general ni para el establecimiento en particular.<\/div>\n<div dir=\"auto\">&nbsp;<\/div>\n<div dir=\"auto\">Algunas Frases relevantes :<\/div>\n<div dir=\"auto\">&nbsp;<\/div>\n<ul>\n<li dir=\"auto\">\u201cLos valores de producci\u00f3n no son los que quisi\u00e9ramos\u2026\u201d.<\/li>\n<li dir=\"auto\">\u201cQueremos trabajar m\u00e1s porque no somos \u00f1oquis como se quiso hacer creer de todos los trabajadores estatales en el comienzo de la actual gesti\u00f3n nacional\u2026 pero faltan insumos, se desarman los equipos de medioambiente y recursos humanos que nos conten\u00edan en casos de accidentes\u2026\u201d.<\/li>\n<li dir=\"auto\">\u201cSe sancion\u00f3 la Ley de Emergencia y Seguridad, que hace que el Gobierno nacional pueda comprar desde un bal\u00edn hasta un tanque de guerra en el exterior\u2026 Hasta las pistolas para la Polic\u00eda Metropolitana y los chalecos para la Polic\u00eda de C\u00f3rdoba se est\u00e1n comprando en el exterior\u2026\u201d.<\/li>\n<\/ul>\n<div dir=\"auto\">Fueron algunas de las frases que se escucharon cuando hicieron uso de la palabra el titular de ATE Villa Maria, Fernando Mercado, y el de la CTA-aut\u00f3noma, Jos\u00e9 Gorozo, entre otros.<\/div>\n<div dir=\"auto\"><img loading=\"lazy\" decoding=\"async\" class=\"aligncenter size-full wp-image-8580\" src=\"http:\/\/www.atecordoba.org\/wp-content\/uploads\/2017\/05\/3-e1496260215337.jpg\" alt=\"\" width=\"550\" height=\"550\"><\/div>\n<div dir=\"auto\">Eduardo Belloccio, de la CGT, dijo: \u201cNuestra presencia es para ponernos a disposici\u00f3n de ATE y de la CTA, para dar nuestro apoyo en las acciones que consideren oportunas\u201d. Tambi\u00e9n los dirigentes de la Federaci\u00f3n Universitaria de Villa <span id=\"OBJ_PREFIX_DWT127_com_zimbra_date\" class=\"Object\"><span id=\"OBJ_PREFIX_DWT139_com_zimbra_date\" class=\"Object\">Mar<\/span><\/span>\u00eda agradecieron la invitaci\u00f3n y anticiparon su \u201cacompa\u00f1amiento a la lucha de los trabajadores\u201d.<\/div>\n<div dir=\"auto\">La frase: \u201cUstedes no saben lo que es ingresar a la F\u00e1brica cada d\u00eda, escuchar el ruido del reloj cuando uno marca la tarjeta y despu\u00e9s sentir el silencio de las m\u00e1quinas que est\u00e1n paradas\u2026 Soy un contratado desde hace tres a\u00f1os y los que alguna vez han perdido el trabajo deben entender lo que siento cuando vuelvo para <span id=\"OBJ_PREFIX_DWT128_com_zimbra_date\" class=\"Object\"><span id=\"OBJ_PREFIX_DWT140_com_zimbra_date\" class=\"Object\">mi<\/span><\/span> casa; la incertidumbre con la que enfrento a<span id=\"OBJ_PREFIX_DWT129_com_zimbra_date\" class=\"Object\"><span id=\"OBJ_PREFIX_DWT141_com_zimbra_date\" class=\"Object\">mi<\/span><\/span> familia\u201d. Las palabras fueron pronunciadas por uno de los trabajadores que acudieron anoche al Deliberante.<\/div>\n<div dir=\"auto\">En el sal\u00f3n estaban el hist\u00f3rico dirigente de ATE y CTA, Oscar Mengarelli, el dirigente del gremio que <span id=\"OBJ_PREFIX_DWT130_com_zimbra_date\" class=\"Object\"><span id=\"OBJ_PREFIX_DWT142_com_zimbra_date\" class=\"Object\">hoy<\/span><\/span> ocupa provisionalmente la Intendencia de Villa Nueva, Jorge Heredia, y los due\u00f1os de casa, el presidente del Concejo, Jos\u00e9 Carignano, y los ediles Carlos de Falco, Ver\u00f3nica Navarro y Mauro Beltrami (oficialistas locales y opositores nacionales), Karina Bruno, Nora Landart, Omar Coutsiers y Gustavo Bustamante (opositores locales y oficialistas nacionales).<\/div>\n<div dir=\"auto\"><img loading=\"lazy\" decoding=\"async\" class=\"aligncenter size-full wp-image-8581\" src=\"http:\/\/www.atecordoba.org\/wp-content\/uploads\/2017\/05\/2-e1496260244806.jpg\" alt=\"\" width=\"550\" height=\"550\"><\/div>\n<div dir=\"auto\">Antes que hablaran los anfitriones, tom\u00f3 la palabra el dirigente de ATE Del Consejo Directivo Provincial (C.D.P.) &nbsp;y trabajador de la F\u00e1brica, Walter Secondino, quien nombr\u00f3 a algunos de sus antecesores, como Miguel &nbsp;Peirano, el citado Mengarelli y Mart\u00edn, para luego referirse a ese estandarte de la organizaci\u00f3n a nivel nacional que fue Germ\u00e1n Abdala: \u201cEl nos hizo entender que el Estado no es una cosa abstracta, que se trata de personas\u2026 Y nosotros vamos a defender la F\u00e1brica con todos los trabajadores adentro\u201d.<\/div>\n<div dir=\"auto\">Seguidamente, la concejala Karina &nbsp;Bruno dijo que estaba dispuesta con su bloque a realizar las gestiones necesarias ante autoridades nacionales para que los trabajadores pudieran acercarles sus puntos de vista.<\/div>\n<div dir=\"auto\">En ese momento pidi\u00f3 la palabra nuevamente Fernando Mercado para recordar que \u201chubo dos de esas reuniones en el Ministerio de Defensa, pero&nbsp;<span id=\"OBJ_PREFIX_DWT131_com_zimbra_date\" class=\"Object\"><span id=\"OBJ_PREFIX_DWT143_com_zimbra_date\" class=\"Object\">hoy<\/span><\/span> nos damos cuenta que todo lo que nos dijeron es mentira\u201d.<\/div>\n<div dir=\"auto\">&nbsp;<\/div>\n<div dir=\"auto\">De cualquier manera, lleg\u00f3 una idea del bloque peronista que transmiti\u00f3 De Falco y que todos aprobaron por unanimidad: \u201cSalir a explicarle a la ciudad los n\u00fameros que trajeron los trabajadores, que hablan a las claras y dicen que si la F\u00e1brica se achica, se vender\u00e1n menos zapatos, menos pantalones, vender\u00e1n menos las farmacias, har\u00e1n menos viajes los remiseros\u201d. Y, lo dicho, lo aprobaron. Van a conformar comisiones para ir a AERCA, a Acovim (un dirigente vecinalista se comprometi\u00f3 a acompa\u00f1ar a la comisi\u00f3n a los dem\u00e1s centros vecinales) y a cada entidad, para que se sepa que \u201cla F\u00e1brica somos todos\u201d.<\/div>\n","protected":false},"excerpt":{"rendered":"<p>&nbsp; La F\u00e1brica Militar de P\u00f3lvoras y Explosivos deja en sueldos y pagos a proveedores locales unos 17 millones de pesos mensuales (algo m\u00e1s de 200 millones al a\u00f1o). Eso es lo que salieron a explicar desde ayer los trabajadores del establecimiento, para que Villa Mar\u00eda haga causa com\u00fan y los ayude a mantener la [&hellip;]<\/p>\n","protected":false},"author":1,"featured_media":19220,"comment_status":"open","ping_status":"open","sticky":false,"template":"","format":"standard","meta":{"_exactmetrics_skip_tracking":false,"_exactmetrics_sitenote_active":false,"_exactmetrics_sitenote_note":"","_exactmetrics_sitenote_category":0,"jnews-multi-image_gallery":[],"jnews_single_post":[],"jnews_primary_category":[],"jnews_social_meta":[],"jnews_review":[],"enable_review":"","type":"","name":"","summary":"","brand":"","sku":"","good":[],"bad":[],"score_override":"","override_value":"","rating":[],"price":[],"jnews_override_counter":[],"jnews_post_split":[],"footnotes":""},"categories":[10,17,18,14],"tags":[],"class_list":["post-8576","post","type-post","status-publish","format-standard","has-post-thumbnail","hentry","category-accion-politica","category-fabricaciones-militares","category-nacionales","category-villa-maria"],"jetpack_featured_media_url":"https:\/\/atecordoba.org\/wp-content\/uploads\/2020\/05\/logo-nuevochico-e1561581322808.png","_links":{"self":[{"href":"https:\/\/atecordoba.org\/index.php?rest_route=\/wp\/v2\/posts\/8576","targetHints":{"allow":["GET"]}}],"collection":[{"href":"https:\/\/atecordoba.org\/index.php?rest_route=\/wp\/v2\/posts"}],"about":[{"href":"https:\/\/atecordoba.org\/index.php?rest_route=\/wp\/v2\/types\/post"}],"author":[{"embeddable":true,"href":"https:\/\/atecordoba.org\/index.php?rest_route=\/wp\/v2\/users\/1"}],"replies":[{"embeddable":true,"href":"https:\/\/atecordoba.org\/index.php?rest_route=%2Fwp%2Fv2%2Fcomments&post=8576"}],"version-history":[{"count":0,"href":"https:\/\/atecordoba.org\/index.php?rest_route=\/wp\/v2\/posts\/8576\/revisions"}],"wp:featuredmedia":[{"embeddable":true,"href":"https:\/\/atecordoba.org\/index.php?rest_route=\/wp\/v2\/media\/19220"}],"wp:attachment":[{"href":"https:\/\/atecordoba.org\/index.php?rest_route=%2Fwp%2Fv2%2Fmedia&parent=8576"}],"wp:term":[{"taxonomy":"category","embeddable":true,"href":"https:\/\/atecordoba.org\/index.php?rest_route=%2Fwp%2Fv2%2Fcategories&post=8576"},{"taxonomy":"post_tag","embeddable":true,"href":"https:\/\/atecordoba.org\/index.php?rest_route=%2Fwp%2Fv2%2Ftags&post=8576"}],"curies":[{"name":"wp","href":"https:\/\/api.w.org\/{rel}","templated":true}]}}