{"id":8570,"date":"2017-05-31T12:38:20","date_gmt":"2017-05-31T15:38:20","guid":{"rendered":"http:\/\/www.atecordoba.org\/?p=8570"},"modified":"2017-05-31T12:38:20","modified_gmt":"2017-05-31T15:38:20","slug":"segundo-taller-sobre-condiciones-de-trabajo-y-salud-laboral","status":"publish","type":"post","link":"https:\/\/atecordoba.org\/?p=8570","title":{"rendered":"Segundo taller sobre condiciones de trabajo y salud laboral"},"content":{"rendered":"<p><em>Bajo las consigna &#8220;para no enfermar ni morir en el trabajo&#8221; la Secretar\u00eda de Formaci\u00f3n del CDP &nbsp;realizar\u00e1 el 8 de junio una capacitaci\u00f3n en dos m\u00f3dulos para trabajadores estatales nacionales, provinciales y municipales.<\/em><\/p>\n<p>&nbsp;<\/p>\n<figure id=\"attachment_8571\" aria-describedby=\"caption-attachment-8571\" style=\"width: 550px\" class=\"wp-caption aligncenter\"><img loading=\"lazy\" decoding=\"async\" class=\"wp-image-8571 size-full\" src=\"http:\/\/www.atecordoba.org\/wp-content\/uploads\/2017\/05\/20170331_144441-e1496244979654.jpg\" alt=\"\" width=\"550\" height=\"309\"><figcaption id=\"caption-attachment-8571\" class=\"wp-caption-text\">El secretario de Formaci\u00f3n Jos\u00e9 Gorozo, junto a los especialistas.<\/figcaption><\/figure>\n<p>La jornada estar\u00e1 a cargo de los compa\u00f1eros Viviana Cefarelli &nbsp;y Oscar Mart\u00ednez, del Taller de Estudios Laborales que ya dict\u00f3 el <a href=\"http:\/\/www.atecordoba.org\/archivos\/8319\">primer curso <\/a>en marzo pasado. A ellos se suman Julia Soul, Hern\u00e1n Rubio y Daniel Ximenez, del mismo organismo.<\/p>\n<p>La inscripci\u00f3n es libre y gratuita. el taller se realizar\u00e1 en dos m\u00f3dulos: uno por la ma\u00f1ana de 10 a 13 y otro por la tarde de &nbsp;14 a 17. La Secretar\u00eda de Formaci\u00f3n entregar\u00e1 los certificados de asistencia para quienes lo requieran.<\/p>\n<p><img loading=\"lazy\" decoding=\"async\" class=\"aligncenter size-full wp-image-8320\" src=\"http:\/\/www.atecordoba.org\/wp-content\/uploads\/2017\/03\/20170331_111941-e1490991092135.jpg\" alt=\"\" width=\"550\" height=\"309\"><\/p>\n<p>Las tem\u00e1ticas a tratar son: concepto de salud, transformaciones en el mundo del trabajo y su impacto en los colectivos laborales, condiciones y medio ambiente de trabajo, procesos de trabajo y procesos de salud-enfermedad, mapa de riesgos, valorizaci\u00f3n de los riesgos, los riesgos organizacionales y psicosociales, accidentes de trabajo (causas, prevenci\u00f3n y an\u00e1lisis) y la construcci\u00f3n de una epidemiolog\u00eda de los trabajadores.&nbsp;<\/p>\n<p>Para m\u00e1s informaci\u00f3n, los interesados pueden comunicarse con josema.gorozo@gmail.com&nbsp;<\/p>\n<p>&nbsp;<\/p>\n","protected":false},"excerpt":{"rendered":"<p>Bajo las consigna &#8220;para no enfermar ni morir en el trabajo&#8221; la Secretar\u00eda de Formaci\u00f3n del CDP &nbsp;realizar\u00e1 el 8 de junio una capacitaci\u00f3n en dos m\u00f3dulos para trabajadores estatales nacionales, provinciales y municipales. &nbsp; La jornada estar\u00e1 a cargo de los compa\u00f1eros Viviana Cefarelli &nbsp;y Oscar Mart\u00ednez, del Taller de Estudios Laborales que ya [&hellip;]<\/p>\n","protected":false},"author":1,"featured_media":19220,"comment_status":"open","ping_status":"open","sticky":false,"template":"","format":"standard","meta":{"_exactmetrics_skip_tracking":false,"_exactmetrics_sitenote_active":false,"_exactmetrics_sitenote_note":"","_exactmetrics_sitenote_category":0,"jnews-multi-image_gallery":[],"jnews_single_post":[],"jnews_primary_category":[],"jnews_social_meta":[],"jnews_review":[],"enable_review":"","type":"","name":"","summary":"","brand":"","sku":"","good":[],"bad":[],"score_override":"","override_value":"","rating":[],"price":[],"jnews_override_counter":[],"jnews_post_split":[],"footnotes":""},"categories":[88],"tags":[],"class_list":["post-8570","post","type-post","status-publish","format-standard","has-post-thumbnail","hentry","category-formacion"],"jetpack_featured_media_url":"https:\/\/atecordoba.org\/wp-content\/uploads\/2020\/05\/logo-nuevochico-e1561581322808.png","_links":{"self":[{"href":"https:\/\/atecordoba.org\/index.php?rest_route=\/wp\/v2\/posts\/8570","targetHints":{"allow":["GET"]}}],"collection":[{"href":"https:\/\/atecordoba.org\/index.php?rest_route=\/wp\/v2\/posts"}],"about":[{"href":"https:\/\/atecordoba.org\/index.php?rest_route=\/wp\/v2\/types\/post"}],"author":[{"embeddable":true,"href":"https:\/\/atecordoba.org\/index.php?rest_route=\/wp\/v2\/users\/1"}],"replies":[{"embeddable":true,"href":"https:\/\/atecordoba.org\/index.php?rest_route=%2Fwp%2Fv2%2Fcomments&post=8570"}],"version-history":[{"count":0,"href":"https:\/\/atecordoba.org\/index.php?rest_route=\/wp\/v2\/posts\/8570\/revisions"}],"wp:featuredmedia":[{"embeddable":true,"href":"https:\/\/atecordoba.org\/index.php?rest_route=\/wp\/v2\/media\/19220"}],"wp:attachment":[{"href":"https:\/\/atecordoba.org\/index.php?rest_route=%2Fwp%2Fv2%2Fmedia&parent=8570"}],"wp:term":[{"taxonomy":"category","embeddable":true,"href":"https:\/\/atecordoba.org\/index.php?rest_route=%2Fwp%2Fv2%2Fcategories&post=8570"},{"taxonomy":"post_tag","embeddable":true,"href":"https:\/\/atecordoba.org\/index.php?rest_route=%2Fwp%2Fv2%2Ftags&post=8570"}],"curies":[{"name":"wp","href":"https:\/\/api.w.org\/{rel}","templated":true}]}}