{"id":8564,"date":"2017-05-31T11:32:58","date_gmt":"2017-05-31T14:32:58","guid":{"rendered":"http:\/\/www.atecordoba.org\/?p=8564"},"modified":"2017-05-31T11:32:58","modified_gmt":"2017-05-31T14:32:58","slug":"solidaridad-internacional-con-los-dirigentes-de-ate-presos-en-rio-negro","status":"publish","type":"post","link":"https:\/\/atecordoba.org\/?p=8564","title":{"rendered":"Solidaridad internacional con los dirigentes de ATE presos en R\u00edo Negro"},"content":{"rendered":"<p><em>Trabajadores estatales uruguayos rechazan la detenci\u00f3n de Rodolfo Aguiar y Aldo Capretti. Tambi\u00e9n se expresaron las Confederaci\u00f3n Sindical Internacional (CSI) y la Confederaci\u00f3n Sindical de Trabajadores de las Am\u00e9ricas (CSA).<\/em><\/p>\n<p><img loading=\"lazy\" decoding=\"async\" class=\"aligncenter size-full wp-image-8565\" src=\"http:\/\/www.atecordoba.org\/wp-content\/uploads\/2017\/05\/libertad-a-aguiar-y-capretti2-e1496241093984.jpg\" alt=\"\" width=\"550\" height=\"550\"><\/p>\n<p>A trav\u00e9s de una carta dirigida al presidente de CLATE, la Confederaci\u00f3n de Organizaciones de Funcionarios del Estado (COFE) de Uruguay repudi\u00f3 la detenci\u00f3n de los dirigentes de la Asociaci\u00f3n Trabajadores del Estado (ATE) de la provincia argentina de Rio Negro, Rodolfo Aguiar y Aldo Capretti, quienes enfrentan causas judiciales por encabezar protestas y movilizaciones.<\/p>\n<p>Ante la detenci\u00f3n de los dirigentes de ATE y CTA-A de la provincia de Rio Negro, distintas organizaciones miembro de la CLATE hicieron llegar sus mensajes de solidaridad. Una de ellas es la COFE, de Uruguay, que expres\u00f3 su \u201cconsternaci\u00f3n\u201d ante \u201cla brutalidad de los ataques propinados a las organizaciones sindicales y a sus dirigentes\u201d.<\/p>\n<p>El 25 de mayo la polic\u00eda provincial detuvo brutalmente al Secretario Adjunto de ATE Rio Negro, Aldo Capretti, sin mediar orden judicial, y el 29 de mayo quedo detenido Rodolfo Aguiar, Secretario General de ATE y CTA-A Rio Negro. Estas detenciones ilegales se enmarcan en la causa que lleva adelante el fiscal Juan Pedro Puntel y el Juez Juan Carlos Mussi, donde se imputa entre otros a dichos dirigentes sindicales por coacci\u00f3n agravada. Esta causa asimila los delitos de los trabajadores a un delito tipificado en el c\u00f3digo penal y por ende avanza en un proceso de criminalizaci\u00f3n de la protesta social. M\u00e1s aun, las im\u00e1genes fotogr\u00e1ficas y las filmaciones disponibles muestran tumultos y empujones, acciones que lejos est\u00e1n de poder ser utilizadas para acusar a Aguiar y a Capretti de los delitos que se le imputan.<\/p>\n<p>&nbsp;A continuaci\u00f3n, transcribimos la carta completa, que lleva la firma del secretario general de COFE, Jos\u00e9 L\u00f3pez.<\/p>\n<p>\u201cAnte las recientes decisiones de la Justicia de la Provincia de R\u00edo Negro que han determinado la detenci\u00f3n de los Cros. Rodolfo Aguiar y Aldo Capretti, dirigentes de ATE R\u00edo Negro, el Consejo Directivo de COFE (Confederaci\u00f3n de Organizaciones de Funcionarios del Estado) hace llegar su saludo solidario.<\/p>\n<p>&nbsp;Naturalmente el mismo va de la mano de nuestro m\u00e1s en\u00e9rgico repudio ante tales decisiones ya que sabemos que la raz\u00f3n los asiste a estos dos compa\u00f1eros, as\u00ed como a las decenas de dirigentes sindicales que vienen siendo perseguidos desde hace varios meses.<\/p>\n<p>Condenamos toda pr\u00e1ctica que, desde los aparatos de poder del Estado, intente acallar la voz de los trabajadores y que pretenda judicializar y penalizar la protesta que es la forma leg\u00edtima de expresi\u00f3n de los mismos.<\/p>\n<p>&nbsp;Nos hermana, adem\u00e1s de la pertenencia a la clase trabajadora, la lucha por conseguir los mismos objetivos, salarios dignos, buenas condiciones de trabajo, respeto a nuestros derechos y conquistas, los que se lograron con tanto esfuerzo y sacrificio.<\/p>\n<p>&nbsp;Es por ello que nos sentimos consternados ya que se enfrentan la justicia de sus reclamos contra la ilegalidad y brutalidad de los ataques propinados a sus organizaciones sindicales y a sus dirigentes.<\/p>\n<p>&nbsp;Reciban no s\u00f3lo nuestro saludo, sino el compromiso cierto para colaborar en la medida que nos sea posible y de la forma que ustedes lo entiendan pertinente, para que r\u00e1pidamente se revierta \u00e9sta medida\u201d.<\/p>\n<h3>Centrales internacionales<\/h3>\n<p>La Confederaci\u00f3n Sindical Internacional (CSI) y la Confederaci\u00f3n Sindical de Trabajadores de las Am\u00e9ricas (CSA) expresaron su mas en\u00e9rgico repudio ante el contexto de violencia institucionalizada donde el poder ejecutivo de la provincia de R\u00edo Negro, en connivencia con legisladores y funcionarios judiciales, apuntan contra l\u00edderes sindicales para criminalizarlos como violentos, deslegitimando los justos reclamos de los trabajadores, y condenando a prisi\u00f3n a aquellos que se ponen a las pol\u00edticas del gobierno provincial.<\/p>\n<p><img loading=\"lazy\" decoding=\"async\" class=\"aligncenter size-full wp-image-8568\" src=\"http:\/\/www.atecordoba.org\/wp-content\/uploads\/2017\/05\/aguiar-detenido-e1496241973425.jpg\" alt=\"\" width=\"550\" height=\"309\"><\/p>\n<p>Con la firma de sus secretarios generales Sharan Burrow y V\u00edctor Baez respectivamente, ambas confederaciones manifestaron su solidaridad &#8220;con el sindicalismo argentino&#8221; y exigieron a las autoridades competentes &#8220;que garanticen la plena libertad de expresi\u00f3n de los dirigentes sindicales, que pongan fin a la criminalizaci\u00f3n de la protesta social y que arbitren los medios para liberar inmediatamente a todos los detenidos ilegalmente por ejercer su actividad sindical&#8221;.<\/p>\n","protected":false},"excerpt":{"rendered":"<p>Trabajadores estatales uruguayos rechazan la detenci\u00f3n de Rodolfo Aguiar y Aldo Capretti. Tambi\u00e9n se expresaron las Confederaci\u00f3n Sindical Internacional (CSI) y la Confederaci\u00f3n Sindical de Trabajadores de las Am\u00e9ricas (CSA). A trav\u00e9s de una carta dirigida al presidente de CLATE, la Confederaci\u00f3n de Organizaciones de Funcionarios del Estado (COFE) de Uruguay repudi\u00f3 la detenci\u00f3n de [&hellip;]<\/p>\n","protected":false},"author":1,"featured_media":19220,"comment_status":"open","ping_status":"open","sticky":false,"template":"","format":"standard","meta":{"_exactmetrics_skip_tracking":false,"_exactmetrics_sitenote_active":false,"_exactmetrics_sitenote_note":"","_exactmetrics_sitenote_category":0,"jnews-multi-image_gallery":[],"jnews_single_post":[],"jnews_primary_category":[],"jnews_social_meta":[],"jnews_review":[],"enable_review":"","type":"","name":"","summary":"","brand":"","sku":"","good":[],"bad":[],"score_override":"","override_value":"","rating":[],"price":[],"jnews_override_counter":[],"jnews_post_split":[],"footnotes":""},"categories":[10],"tags":[],"class_list":["post-8564","post","type-post","status-publish","format-standard","has-post-thumbnail","hentry","category-accion-politica"],"jetpack_featured_media_url":"https:\/\/atecordoba.org\/wp-content\/uploads\/2020\/05\/logo-nuevochico-e1561581322808.png","_links":{"self":[{"href":"https:\/\/atecordoba.org\/index.php?rest_route=\/wp\/v2\/posts\/8564","targetHints":{"allow":["GET"]}}],"collection":[{"href":"https:\/\/atecordoba.org\/index.php?rest_route=\/wp\/v2\/posts"}],"about":[{"href":"https:\/\/atecordoba.org\/index.php?rest_route=\/wp\/v2\/types\/post"}],"author":[{"embeddable":true,"href":"https:\/\/atecordoba.org\/index.php?rest_route=\/wp\/v2\/users\/1"}],"replies":[{"embeddable":true,"href":"https:\/\/atecordoba.org\/index.php?rest_route=%2Fwp%2Fv2%2Fcomments&post=8564"}],"version-history":[{"count":0,"href":"https:\/\/atecordoba.org\/index.php?rest_route=\/wp\/v2\/posts\/8564\/revisions"}],"wp:featuredmedia":[{"embeddable":true,"href":"https:\/\/atecordoba.org\/index.php?rest_route=\/wp\/v2\/media\/19220"}],"wp:attachment":[{"href":"https:\/\/atecordoba.org\/index.php?rest_route=%2Fwp%2Fv2%2Fmedia&parent=8564"}],"wp:term":[{"taxonomy":"category","embeddable":true,"href":"https:\/\/atecordoba.org\/index.php?rest_route=%2Fwp%2Fv2%2Fcategories&post=8564"},{"taxonomy":"post_tag","embeddable":true,"href":"https:\/\/atecordoba.org\/index.php?rest_route=%2Fwp%2Fv2%2Ftags&post=8564"}],"curies":[{"name":"wp","href":"https:\/\/api.w.org\/{rel}","templated":true}]}}