{"id":856,"date":"2011-06-30T16:00:50","date_gmt":"2011-06-30T19:00:50","guid":{"rendered":"http:\/\/www.atecordoba.org\/?p=856"},"modified":"2020-06-09T16:58:39","modified_gmt":"2020-06-09T19:58:39","slug":"falta-de-pago-de-aguinaldos","status":"publish","type":"post","link":"https:\/\/atecordoba.org\/?p=856","title":{"rendered":"Falta de pago de Aguinaldos"},"content":{"rendered":"<div>\n<div dir=\"ltr\">\n<p><strong>(C\u00f3rdoba, 30-6-2011) Al d\u00eda de hoy la comuna no cumpli\u00f3 con el pago del medio aguinaldo a los trabajadores de la comuna del sur provincial.<\/strong><\/p>\n<\/div>\n<\/div>\n<div>\n<div dir=\"ltr\">\n<p>La Seccional R\u00eco Cuarto (ATE-CTA) denunci\u00f3 que Municipalidad de R\u00eco Cuarto, al d\u00eda de hoy, no realiz\u00f3 los dep\u00f3sitos correspondientes para el pago del aguinaldo de los trabajadores a su cargo.<\/p>\n<p>La informaci\u00f3n no fue dada a conocer de manera formal a los trabajadores y hoy bruscamente nos encontramos con esta realidad.<\/p>\n<p>Sin embargo si se puedo realizar el dep\u00f3sito para la compra de la manzana 48 y hoy se esta discutiendo en el Concejo Deliberante elevar el monto del can\u00f2n que se otorga mensualmente a Gamsur. Una vez m\u00e1s el ejecutivo municipal posterga y pisotea los derechos de los trabajadores y el Sindicato de Trabajadores Municipales mira para otro lado.<\/p>\n<p>La seccional llama y convoca a todos los trabajadores municipales a mantenerse en estado de asamblea y movilizaci\u00f3n hasta tanto el municipio regularice la situaci\u00f3n con el pago del sueldo anual complementario.<\/p>\n<\/div>\n<\/div>\n","protected":false},"excerpt":{"rendered":"<p>(C\u00f3rdoba, 30-6-2011) Al d\u00eda de hoy la comuna no cumpli\u00f3 con el pago del medio aguinaldo a los trabajadores de la comuna del sur provincial. La Seccional R\u00eco Cuarto (ATE-CTA) denunci\u00f3 que Municipalidad de R\u00eco Cuarto, al d\u00eda de hoy, no realiz\u00f3 los dep\u00f3sitos correspondientes para el pago del aguinaldo de los trabajadores a su [&hellip;]<\/p>\n","protected":false},"author":1,"featured_media":19220,"comment_status":"open","ping_status":"open","sticky":false,"template":"","format":"standard","meta":{"_exactmetrics_skip_tracking":false,"_exactmetrics_sitenote_active":false,"_exactmetrics_sitenote_note":"","_exactmetrics_sitenote_category":0,"jnews-multi-image_gallery":[],"jnews_single_post":[],"jnews_primary_category":[],"jnews_social_meta":[],"jnews_review":[],"enable_review":"","type":"","name":"","summary":"","brand":"","sku":"","good":[],"bad":[],"score_override":"","override_value":"","rating":[],"price":[],"jnews_override_counter":[],"jnews_post_split":[],"footnotes":""},"categories":[20,12,34],"tags":[24,11,25],"class_list":["post-856","post","type-post","status-publish","format-standard","has-post-thumbnail","hentry","category-municipales","category-rio-cuarto","category-seccionales","tag-municipales-2","tag-noticias-2","tag-rio-cuarto-2"],"jetpack_featured_media_url":"https:\/\/atecordoba.org\/wp-content\/uploads\/2020\/05\/logo-nuevochico-e1561581322808.png","_links":{"self":[{"href":"https:\/\/atecordoba.org\/index.php?rest_route=\/wp\/v2\/posts\/856","targetHints":{"allow":["GET"]}}],"collection":[{"href":"https:\/\/atecordoba.org\/index.php?rest_route=\/wp\/v2\/posts"}],"about":[{"href":"https:\/\/atecordoba.org\/index.php?rest_route=\/wp\/v2\/types\/post"}],"author":[{"embeddable":true,"href":"https:\/\/atecordoba.org\/index.php?rest_route=\/wp\/v2\/users\/1"}],"replies":[{"embeddable":true,"href":"https:\/\/atecordoba.org\/index.php?rest_route=%2Fwp%2Fv2%2Fcomments&post=856"}],"version-history":[{"count":1,"href":"https:\/\/atecordoba.org\/index.php?rest_route=\/wp\/v2\/posts\/856\/revisions"}],"predecessor-version":[{"id":20183,"href":"https:\/\/atecordoba.org\/index.php?rest_route=\/wp\/v2\/posts\/856\/revisions\/20183"}],"wp:featuredmedia":[{"embeddable":true,"href":"https:\/\/atecordoba.org\/index.php?rest_route=\/wp\/v2\/media\/19220"}],"wp:attachment":[{"href":"https:\/\/atecordoba.org\/index.php?rest_route=%2Fwp%2Fv2%2Fmedia&parent=856"}],"wp:term":[{"taxonomy":"category","embeddable":true,"href":"https:\/\/atecordoba.org\/index.php?rest_route=%2Fwp%2Fv2%2Fcategories&post=856"},{"taxonomy":"post_tag","embeddable":true,"href":"https:\/\/atecordoba.org\/index.php?rest_route=%2Fwp%2Fv2%2Ftags&post=856"}],"curies":[{"name":"wp","href":"https:\/\/api.w.org\/{rel}","templated":true}]}}