{"id":8553,"date":"2017-05-29T12:46:39","date_gmt":"2017-05-29T15:46:39","guid":{"rendered":"http:\/\/www.atecordoba.org\/?p=8553"},"modified":"2017-05-29T12:46:39","modified_gmt":"2017-05-29T15:46:39","slug":"29-de-mayo-reflexiones-sobre-el-cordobazo","status":"publish","type":"post","link":"https:\/\/atecordoba.org\/?p=8553","title":{"rendered":"29 de mayo: reflexiones sobre El Cordobazo"},"content":{"rendered":"<p class=\"entry-title\"><em>Hoy se cumplen hoy 48 a\u00f1os de una de las mayores expresiones de fuerza popular organizada que, movilizada en las calles en pos de conquistas robadas, consigui\u00f3 resquebrajar a un poder dominante.<\/em>&nbsp;<img loading=\"lazy\" decoding=\"async\" class=\"aligncenter size-full wp-image-8554\" src=\"http:\/\/www.atecordoba.org\/wp-content\/uploads\/2017\/05\/cordobazo-e1496072744534.jpg\" alt=\"\" width=\"550\" height=\"348\"><\/p>\n<div class=\"entry-meta\">\n<p><strong>Por Carlos Fanjul<\/strong>&nbsp;&#8211; www.canalabierto.com.ar &nbsp;<\/p>\n<\/div>\n<p><em>\u201cEl saldo de la batalla de C\u00f3rdoba \u2013el Cordobazo\u2013 es tr\u00e1gico. Decenas de muertos, cientos de heridos. Pero la dignidad y el coraje de un pueblo florecen y marcan una p\u00e1gina en la historia argentina y latinoamericana que no se borrar\u00e1 jam\u00e1s. En las fogatas callejeras arde el entreguismo, con la luz, el calor y la fuerza del trabajo y de la juventud, de j\u00f3venes y viejos, de hombres y mujeres. Ese fuego que es del esp\u00edritu, de los principios, de las grandes aspiraciones populares, ya no se apagar\u00e1 jam\u00e1s. En medio de esa lucha por la justicia, la libertad y el imperio de la voluntad soberana del pueblo, partimos esposados a bordo de un avi\u00f3n con las injustas condenas sobre nuestras espaldas. A\u00f1os de prisi\u00f3n que se convierten en poco menos de siete meses, por la continuidad de esa acci\u00f3n que libr\u00f3 nuestro pueblo, especialmente C\u00f3rdoba, y que nos rescata de las lejanas c\u00e1rceles del sur, para que todos juntos, trabajadores, estudiantes, hombres de todas las ideolog\u00edas, de todas las religiones, con nuestras diferencias l\u00f3gicas, sepamos unirnos para construir una sociedad m\u00e1s justa, donde el hombre no sea lobo del hombre, sino su compa\u00f1ero y su hermano\u201d.<\/em><\/p>\n<p>Impresiona releer al enorme Agust\u00edn Tosco, en declaraciones sobre finales de la d\u00e9cada del \u201960, que buscaban sintetizar en una frase aquella epopeya popular que result\u00f3 el Cordobazo del que hoy se cumplen 48 a\u00f1os.<\/p>\n<p>Tan claro resumen para sentir la fuerza arrolladora del pueblo protestando antes. Tan movilizador el pensamiento del l\u00edder gremial para transpolar al presente la misma necesidad de unir esfuerzos para lograr una \u2018sociedad m\u00e1s justa\u2019.<\/p>\n<p>Ese simbolismo que dej\u00f3 para los tiempos aquella gesta del pueblo cordob\u00e9s, hace imprescindible evocar su gestaci\u00f3n y su desarrollo.<\/p>\n<p>Para entrar en tema, el lector debe saber que aquel 29 de mayo del \u201969, fresco y soleado, iba a transformarse en una jornada caliente y hasta con negros nubarrones de un pueblo lanzado a las calles para rechazar las pol\u00edticas antipopulares que desarrollaba la dictadura del general Juan Carlos Ongan\u00eda.<\/p>\n<p>Recuerda el compa\u00f1ero cordob\u00e9s Manuel Gaggero que \u201clas clases dominantes intentaban elaborar un nuevo dise\u00f1o de pa\u00eds. Para ello era preciso reducir el rol del Estado en la econom\u00eda, liquidar&nbsp; una industria -a su criterio- no competitiva y centrarse en la conformaci\u00f3n de una Naci\u00f3n con un desarrollo agro industrial y grandes franjas de la poblaci\u00f3n condenadas a la pobreza. La dictadura, implantada en 1966, intent\u00f3&nbsp; llevar adelante este modelo pero el proceso fue abortado por la resistencia obrera y popular y el surgimiento de organizaciones armadas revolucionarias peronistas y de la izquierda guevarista que plantearon una interpelaci\u00f3n&nbsp; al poder dominante; el primero en la historia argentina del Siglo XX. El \u201cCordobazo\u201d, el \u201cRosariazo\u201d, el \u201cViborazo\u201d e infinidad de otras peque\u00f1as insurrecciones&nbsp; en las ciudades impidieron la consumaci\u00f3n del programa del gobierno militar que tuvo que llamar a elecciones\u201d.<\/p>\n<p>En la provincia de C\u00f3rdoba, la la CGT de los Argentinos elabor\u00f3 el documento \u201cDeclaraci\u00f3n de C\u00f3rdoba\u201d en el que repudi\u00f3 la inoperancia en la gesti\u00f3n y la pol\u00edtica fiscal del Gobernador Carlos Caballero, quien estableci\u00f3 un 100% de aumento en los impuestos provinciales y 800% en los municipales. Las agrupaciones barriales se organizaron y movilizaron, generando en el gobierno mediterr\u00e1neo una respuesta de represi\u00f3n que produjo la detenci\u00f3n e intimidaci\u00f3n de&nbsp; estudiantes, militantes pol\u00edticos y trabajadores, a trav\u00e9s del grupo parapolicial \u201cBrigada fantasma\u201d.<\/p>\n<p>Cabe resaltar tambi\u00e9n la figura del dirigente de la UTA Atilio L\u00f3pez, quien tambi\u00e9n por su comprometida valent\u00eda fue clave en el Cordobazo. Es m\u00e1s, probablemente el tama\u00f1o de la respuesta popular no hubiera tenido la magnitud final, sin el aporte de la CGT C\u00f3rdoba que estaba en manos de Elpidio Torres del SMATA, quien pertenec\u00eda al sector entreguista de Augusto Vandor. \u201cTen\u00edamos que concretar la unidad para que realmente resultara un hecho pol\u00edtico poderoso\u201d, reflexionaron tiempo despu\u00e9s diferentes actores de la CGT de los Argentinos.<\/p>\n<p>Con el respaldo movilizado del pueblo y conceptual de los Sacerdotes del Tercer Mundo, que criticaron con dureza a la dictadura y expresaron su compromiso con los m\u00e1s humildes, las organizaciones sociales, sindicales y pol\u00edticas calentaron el ambiente con diversos actos y tomas de posici\u00f3n que avisaron que las intenciones del gobierno iban a encontrar una respuesta en las calles, no imaginada por los militares en el gobierno.<\/p>\n<p>Seg\u00fan relat\u00f3 meses atr\u00e1s el investigador miembro del equipo de Formaci\u00f3n de ATE Provincia de Buenos Aires, Leandro Fontela, \u201cla CGT de los Argentinos celebr\u00f3 el 1\u00ba de mayo enfrentando a la polic\u00eda que intent\u00f3 dispersarlos sin conseguirlo. En el local de la CGTA el l\u00edder de Luz y Fuerza, Agust\u00edn Tosco, critic\u00f3 fuertemente al gobierno de facto y a sus pol\u00edticas de entrega. Tosco al mediod\u00eda hab\u00eda cerrado un encuentro en la Ciudad Universitaria denunciando la pol\u00edtica represiva del gobierno para con las Universidades y llam\u00f3 a la unidad de trabajadores y estudiantes para enfrentar a la dictadura. En Buenos Aires, a la CGTA le fue prohibido el acto y encarcelado su m\u00e1ximo dirigente, Raimundo Ongaro, quien denunci\u00f3 torturas a su salida\u201d.<\/p>\n<p>Todas las organizaciones pol\u00edticas, sociales, gremiales condenaron la represi\u00f3n, y el gobierno sigui\u00f3 disparando munici\u00f3n gruesa en sus declaraciones pretendiendo atemorizar a los rebeldes, aunque s\u00f3lo lograba aumentar la indignaci\u00f3n popular. Por eso, semejante dureza no hizo m\u00e1s que caldear los \u00e1nimos en la poblaci\u00f3n cordobesa, la que, lejos de amedrentarse, fue dando claros indicios de que la calle iba a ser el \u00e1mbito de la disputa que no dejar\u00eda de dar.<\/p>\n<p>El 29 de mayo, la tradicional esquina del Correo, Col\u00f3n y General Paz, result\u00f3 el punto de encuentro de estudiantes del Barrio Cl\u00ednicas, metal\u00fargicos de los talleres del cintur\u00f3n y obreros de la K\u00e1iser y la Fiat, todos marchando desde diferentes puntos en columnas interminables, silenciosas por momento, pero inclaudicables en su firmeza para que nadie dude de la decisi\u00f3n de dar pelea, m\u00e1s all\u00e1 de las tambi\u00e9n nutridas columnas de uniformados, \u2018convenientemente\u2019 armados y con la misma cara de fiereza.<\/p>\n<p>Seg\u00fan relat\u00f3 Fontela en su detallado relevamiento de fuentes de la \u00e9poca: \u201cLos comercios comenzaron a cerrar sus persianas, los \u00f3mnibus y autom\u00f3viles dejaron de pasar. Llegaron los afiliados a Luz y Fuerza y miles de \u00b4casuales\u00b4 peatones se convirtieron en manifestantes. La polic\u00eda no esper\u00f3 m\u00e1s y comenz\u00f3 la represi\u00f3n. Mientras los lucifuercistas y los estudiantes aguantaban la embestida, segu\u00edan llegando trabajadores de comercio, del vidrio, gr\u00e1ficos, telepostales, de la construcci\u00f3n por fuera del gremio que no movi\u00f3 un pelo. Las barricadas inundaron las calles. La polic\u00eda fue superada, s\u00f3lo controlaba algunas avenidas. En las esquinas grandes fogatas son el s\u00edmbolo de la ocupaci\u00f3n. Los manifestantes destruyen grandes concesionarios de autos, la confiter\u00eda La Oriental, s\u00edmbolo de la oligarqu\u00eda, y quemaron el local de la multinacional Xerox, pero no existieron saqueos y se respetaron los peque\u00f1os comercios. No se trat\u00f3, como quiso vender la prensa del r\u00e9gimen, una expresi\u00f3n de furia incontrolada sino de bronca a la oligarqu\u00eda, contra los monopolios y sus representantes. Mientras tanto la columna de trabajadores de la K\u00e1iser fue interceptada por la polic\u00eda a 30 cuadras del centro. Los obreros resistieron valientemente la embestida policial y llegaron al centro donde enfrentaron los sablazos de la caballer\u00eda. La polic\u00eda a esta altura dispara a mansalva con armas de fuego. El joven obrero M\u00e1ximo Menna es asesinado convirti\u00e9ndose en la primera v\u00edctima de la salvaje represi\u00f3n policial. Llegan los obreros de la Fiat, los barrios populares son tomados por los vecinos y estudiantes. La ciudad est\u00e1 en manos del Pueblo cordob\u00e9s\u201d.<\/p>\n<p>Semejante movilizaci\u00f3n popular, en horas de cancelaci\u00f3n de derechos y garant\u00edas ciudadanas impuesta por una dictadura castrense, no iba a dejarse pasar as\u00ed como as\u00ed y, analizando a distancia desde aquella represiva l\u00f3gica imperante, iba a \u2018merecer\u2019 una respuesta a sangre y fuego.<\/p>\n<p>El gobierno nacional del dictador Ongan\u00eda orden\u00f3 al Ej\u00e9rcito \u201crecuperar el orden\u201d y cerca de las 17 comenz\u00f3 la avanzada militar para retomar el control de la ciudad. En el Barrio Cl\u00ednicas se pod\u00eda leer una pintada hecha con pintura expropiada a una ferreter\u00eda \u201cSoldado, no tires a tu hermano\u201d.<\/p>\n<p>Sin embargo, el toque de queda dispuesto por el gobierno le dio a los uniformados la posibilidad de tirar. Y eso hicieron. \u201cAlgunos vac\u00edan cargadores para no ser castigados. Las paredes de los edificios quedan agujereadas de balas de FAL y varios cordobeses son muertos por balas perdidas o r\u00e1fagas tiradas al azar. M\u00e1s de 30 asesinados los d\u00edas posteriores fundamentalmente producto del terrorismo policial que utiliz\u00f3 con sa\u00f1a sus armas contra vecinos y transe\u00fantes. El viernes 30 hubo manifestaciones en el centro. Los dirigentes Tosco, Alberti, Di Toffino, Canelles y Torres fueron detenidos. Empezaron a funcionar \u00b4Tribunales militares\u00b4 para condenar a los dirigentes obreros y estudiantes que violaban el toque de queda. El s\u00e1bado las fogatas siguieron ardiendo y las balas de la represi\u00f3n surcando el aire. En la ma\u00f1ana del domingo reci\u00e9n culmin\u00f3 todo\u201d, describe Fontela.<\/p>\n<p>El recuerdo, as\u00ed finalizado, podr\u00eda sonar a derrota popular. Y por las muertes sufridas, tal vez no estar\u00eda mal esa tendencia negativa a pensarlo as\u00ed.<\/p>\n<p>\u00bfM\u00e1s cerca del fracaso que del \u00e9xito?<\/p>\n<p>La historia de la lucha popular, dice lo contrario.<\/p>\n<p>Como acertadamente reflexiona hoy Fontela: \u201cEl Cordobazo fue una verdadera explosi\u00f3n popular, la acumulaci\u00f3n de elementos que se ven\u00edan dando \u00b4explot\u00f3\u00b4, liberando una fuerza arrolladora. Pero esa explosi\u00f3n se dio sobre la base de una movilizaci\u00f3n organizada de las masas obreras, estudiantiles y populares. El pueblo de C\u00f3rdoba no se auto convoc\u00f3, sino que respondi\u00f3 a un llamado de las organizaciones gremiales obreras y estudiantiles y de los partidos pol\u00edticos\u201d.<\/p>\n<p>En ese razonamiento, y tomando en cuenta el claro debilitamiento que a partir de all\u00ed denot\u00f3 aquella dictadura, existe un mensaje claro para entender al Cordobazo como una de las mayores expresiones de fuerza popular organizada, que movilizada en las calles en pos de conquistas robadas, consigue resquebrajar a un poder dominante.<\/p>\n<p>O aquella otra idea para las generaciones futuras, que el propio Tosco lanz\u00f3 al intentar explicar por qu\u00e9 C\u00f3rdoba hab\u00eda sido el epicentro de semejante gesta: \u201cLa reivindicaci\u00f3n de los derechos humanos, proceda de donde proceda, encuentra en nosotros una extraordinaria receptividad y as\u00ed se divulgan especialmente en la juventud y en los sindicatos. Si hay receptividad es que hay comprensi\u00f3n, y la comprensi\u00f3n deriva en entusiasmo, en fe y en disposici\u00f3n al trabajo, al esfuerzo e incluso al sacrificio para consumar los ideales que mantienen su vigencia en el \u00e1mbito universal\u201d.<\/p>\n<p><em>(*) Autores consultados y\/o citados textualmente: Leandro Fontela (\u2018La antesala del Cordobazo\u2019 para la secci\u00f3n La Historia que nos dio vida, de la revista Malas Palabras), Manuel Gaggero,&nbsp;Silvia Licht y&nbsp;Felipe Pigna.<\/em><\/p>\n<div class=\"sharedaddy sd-sharing-enabled\">\n<div class=\"robots-nocontent sd-block sd-social sd-social-icon sd-sharing\">\n<h3 class=\"sd-title\">&nbsp;<\/h3>\n<\/div>\n<\/div>\n","protected":false},"excerpt":{"rendered":"<p>Hoy se cumplen hoy 48 a\u00f1os de una de las mayores expresiones de fuerza popular organizada que, movilizada en las calles en pos de conquistas robadas, consigui\u00f3 resquebrajar a un poder dominante.&nbsp; Por Carlos Fanjul&nbsp;&#8211; www.canalabierto.com.ar &nbsp; \u201cEl saldo de la batalla de C\u00f3rdoba \u2013el Cordobazo\u2013 es tr\u00e1gico. Decenas de muertos, cientos de heridos. Pero [&hellip;]<\/p>\n","protected":false},"author":1,"featured_media":19220,"comment_status":"open","ping_status":"open","sticky":false,"template":"","format":"standard","meta":{"_exactmetrics_skip_tracking":false,"_exactmetrics_sitenote_active":false,"_exactmetrics_sitenote_note":"","_exactmetrics_sitenote_category":0,"jnews-multi-image_gallery":[],"jnews_single_post":[],"jnews_primary_category":[],"jnews_social_meta":[],"jnews_review":[],"enable_review":"","type":"","name":"","summary":"","brand":"","sku":"","good":[],"bad":[],"score_override":"","override_value":"","rating":[],"price":[],"jnews_override_counter":[],"jnews_post_split":[],"footnotes":""},"categories":[10],"tags":[],"class_list":["post-8553","post","type-post","status-publish","format-standard","has-post-thumbnail","hentry","category-accion-politica"],"jetpack_featured_media_url":"https:\/\/atecordoba.org\/wp-content\/uploads\/2020\/05\/logo-nuevochico-e1561581322808.png","_links":{"self":[{"href":"https:\/\/atecordoba.org\/index.php?rest_route=\/wp\/v2\/posts\/8553","targetHints":{"allow":["GET"]}}],"collection":[{"href":"https:\/\/atecordoba.org\/index.php?rest_route=\/wp\/v2\/posts"}],"about":[{"href":"https:\/\/atecordoba.org\/index.php?rest_route=\/wp\/v2\/types\/post"}],"author":[{"embeddable":true,"href":"https:\/\/atecordoba.org\/index.php?rest_route=\/wp\/v2\/users\/1"}],"replies":[{"embeddable":true,"href":"https:\/\/atecordoba.org\/index.php?rest_route=%2Fwp%2Fv2%2Fcomments&post=8553"}],"version-history":[{"count":0,"href":"https:\/\/atecordoba.org\/index.php?rest_route=\/wp\/v2\/posts\/8553\/revisions"}],"wp:featuredmedia":[{"embeddable":true,"href":"https:\/\/atecordoba.org\/index.php?rest_route=\/wp\/v2\/media\/19220"}],"wp:attachment":[{"href":"https:\/\/atecordoba.org\/index.php?rest_route=%2Fwp%2Fv2%2Fmedia&parent=8553"}],"wp:term":[{"taxonomy":"category","embeddable":true,"href":"https:\/\/atecordoba.org\/index.php?rest_route=%2Fwp%2Fv2%2Fcategories&post=8553"},{"taxonomy":"post_tag","embeddable":true,"href":"https:\/\/atecordoba.org\/index.php?rest_route=%2Fwp%2Fv2%2Ftags&post=8553"}],"curies":[{"name":"wp","href":"https:\/\/api.w.org\/{rel}","templated":true}]}}