{"id":8550,"date":"2017-05-29T11:45:52","date_gmt":"2017-05-29T14:45:52","guid":{"rendered":"http:\/\/www.atecordoba.org\/?p=8550"},"modified":"2017-05-29T11:45:52","modified_gmt":"2017-05-29T14:45:52","slug":"la-conduccion-nacional-en-apoyo-a-los-companeros-de-rio-negro","status":"publish","type":"post","link":"https:\/\/atecordoba.org\/?p=8550","title":{"rendered":"La Conducci\u00f3n Nacional en apoyo a los compa\u00f1eros de R\u00edo Negro"},"content":{"rendered":"<p><em>Con la presencia de Silvia Le\u00f3n, Secretaria de Organizaci\u00f3n, de ATE Nacional se solidariza exige la inmediata liberaci\u00f3n del compa\u00f1ero Aldo Capretti,<\/em><\/p>\n<p><img loading=\"lazy\" decoding=\"async\" class=\"aligncenter size-full wp-image-8551\" src=\"http:\/\/www.atecordoba.org\/wp-content\/uploads\/2017\/05\/solidaridad_rio-negro-e1496069093698.jpg\" alt=\"\" width=\"550\" height=\"263\"><\/p>\n<p><span style=\"font-style: inherit; font-weight: inherit;\">Junto al secretario general de ATE Provincia de Buenos Aires, Oscar \u201cColo\u201d de Isasi, Silvia Le\u00f3n viaj\u00f3 en representaci\u00f3n de ATE nacional &nbsp;para solidarizarse por la situaci\u00f3n de procesamiento del secretario general de ATE y la CTA Aut\u00f3noma de esa provincia, Rodolfo Aguiar y de otros dos compa\u00f1eros, y el encarcelamiento del secretario general adjunto de ATE Rio Negro, Aldo Capretti.<\/span><\/p>\n<p><span style=\"font-style: inherit; font-weight: inherit;\">Silvia Le\u00f3n destac\u00f3 que \u201cvinimos a ratificar que el procesamiento de los compa\u00f1eros de Rio Negro no tiene solamente una respuesta de la provincia, sino tambi\u00e9n de ATE Nacional de la conducci\u00f3n de todo el pa\u00eds. Que no hay ninguna duda que el gobierno de Rio Negro y tambi\u00e9n el gobierno nacional tiene como principal objetivo intentar amedrentar la lucha del campo popular\u201d.<\/span><\/p>\n<p><span style=\"font-style: inherit; font-weight: inherit;\">\u201cHemos resuelto adem\u00e1s de unificar la estrategia jur\u00eddico legal, ajustando todo para la pronta liberaci\u00f3n de Aldo, plantear que estamos en todo el pa\u00eds en estado de Asamblea Permanente, que el lunes a la ma\u00f1ana estaremos realizando una conferencia de prensa en la provincia con presencia del CDN y de la conducci\u00f3n de la provincia y que tanto el martes, que tenemos un plenario de nuestra agrupaci\u00f3n y de distintas agrupaciones internas de ATE y el mi\u00e9rcoles que tenemos nuestro Congreso Nacional estaremos repudiando la situaci\u00f3n de esta provincia con el gobierno y estaremos decidiendo medidas nacionales en repudio\u201d, finaliz\u00f3.<\/span><\/p>\n<p><span style=\"font-style: inherit; font-weight: inherit;\">Al respecto el secretario general de ATE Provincia de Buenos Aires, Oscar \u201cColo\u201d de Isasi, afirm\u00f3 \u201cvinimos aqu\u00ed a Rio Negro, Viedma, a la reuni\u00f3n de Consejo Directivo Provincial a dar un claro mensaje, de apoyo a los compa\u00f1eros Rodolfo Aguiar, al compa\u00f1ero Aldo Capretti: el primero est\u00e1 perseguido por las autoridades del gobierno provincial y el segundo est\u00e1 encarcelado, sumado a otros dos compa\u00f1eros que fueron procesados por la sola raz\u00f3n de luchar y de ponerse al frente de las peleas populares, en una provincia donde se est\u00e1 entregando el patrimonio nacional\u201d.<\/span><\/p>\n<p><span style=\"font-style: inherit; font-weight: inherit;\">\u201cVenimos a solidarizarnos con ellos y exigir la liberaci\u00f3n de Aldo y el desprocesamiento de los otros tres compa\u00f1eros encabezados por el secretario general de Rio Negro de ATE y de la CTA Aut\u00f3noma, y a darle un claro mensaje al gobierno provincial, que ATE R\u00edo Negro no est\u00e1 sol, est\u00e1 acompa\u00f1ado de todos los ATE de todas las provincias, y de ATE Nacional. Que cuando se enfrentan a alguien de nuestra organizaci\u00f3n no se enfrentan a alguien aislado que quiere cambiar la realidad, se enfrentan a todo ATE\u201d, destac\u00f3 al tiempo que adelant\u00f3 \u201choy hemos avanzado en construir una medida nacional que llevaremos como propuesta al Congreso Nacional, que se realizar\u00e1 el d\u00eda 31 en Mar del Plata,&nbsp; que ponga en agenda p\u00fablica la liberaci\u00f3n y repudio de esta situaci\u00f3n\u201d.<\/span><\/p>\n<p><span style=\"font-style: inherit; font-weight: inherit;\">En relaci\u00f3n a lo sucedido asegur\u00f3 que \u201cse quiere aleccionar a la sociedad rionegrina con este tipo de actitudes de represi\u00f3n, judicializaci\u00f3n y criminalizaci\u00f3n de la protesta social porque en realidad es un mensaje que esta direccionado a una sociedad que est\u00e1 cada vez m\u00e1s descontenta con estas pol\u00edticas que lo \u00fanico que hacen en Rio Negro de concentrar la riqueza en pocas manos y descargar la crisis sobre los trabajadores y los sectores m\u00e1s vulnerables. Desde la Asociaci\u00f3n Trabajadores del Estado de la Provincia de Buenos Aires, y desde la CTA Aut\u00f3noma Bonaerense vamos a hacer todo lo que est\u00e9 a nuestro alcance para acompa\u00f1ar, ayudar y solidarizarnos en la lucha que est\u00e1 llevando adelante los compa\u00f1eros rionegrinos\u201d.<\/span><\/p>\n<p><span style=\"font-style: inherit; font-weight: inherit;\">Por su parte, la compa\u00f1era Nelly Costa parte de la conducci\u00f3n de ATE y compa\u00f1era de Aldo Capretti narr\u00f3 la situaci\u00f3n: \u201choy reunidos con la conducci\u00f3n se defini\u00f3 fuertemente el latir de ATE, nosotros estamos convencidos de nuestra lucha y de nuestra tarea cotidiana. El pasado mi\u00e9rcoles hubo una situaci\u00f3n donde se levant\u00f3 la mano para hipotecar la provincia nuestro futuro en la Legislatura. Hubo una represi\u00f3n y ahora una decisi\u00f3n pol\u00edtica de ir en busca de perseguir y encarcelar a los dirigentes. La situaci\u00f3n se parec\u00eda m\u00e1s a un secuestro, delante de nuestra hija como si fuera un delincuente, una situaci\u00f3n de vulneraci\u00f3n de derechos y de muy alta violencia\u201d.<\/span><\/p>\n","protected":false},"excerpt":{"rendered":"<p>Con la presencia de Silvia Le\u00f3n, Secretaria de Organizaci\u00f3n, de ATE Nacional se solidariza exige la inmediata liberaci\u00f3n del compa\u00f1ero Aldo Capretti, Junto al secretario general de ATE Provincia de Buenos Aires, Oscar \u201cColo\u201d de Isasi, Silvia Le\u00f3n viaj\u00f3 en representaci\u00f3n de ATE nacional &nbsp;para solidarizarse por la situaci\u00f3n de procesamiento del secretario general de [&hellip;]<\/p>\n","protected":false},"author":1,"featured_media":19220,"comment_status":"open","ping_status":"open","sticky":false,"template":"","format":"standard","meta":{"_exactmetrics_skip_tracking":false,"_exactmetrics_sitenote_active":false,"_exactmetrics_sitenote_note":"","_exactmetrics_sitenote_category":0,"jnews-multi-image_gallery":[],"jnews_single_post":[],"jnews_primary_category":[],"jnews_social_meta":[],"jnews_review":[],"enable_review":"","type":"","name":"","summary":"","brand":"","sku":"","good":[],"bad":[],"score_override":"","override_value":"","rating":[],"price":[],"jnews_override_counter":[],"jnews_post_split":[],"footnotes":""},"categories":[10],"tags":[],"class_list":["post-8550","post","type-post","status-publish","format-standard","has-post-thumbnail","hentry","category-accion-politica"],"jetpack_featured_media_url":"https:\/\/atecordoba.org\/wp-content\/uploads\/2020\/05\/logo-nuevochico-e1561581322808.png","_links":{"self":[{"href":"https:\/\/atecordoba.org\/index.php?rest_route=\/wp\/v2\/posts\/8550","targetHints":{"allow":["GET"]}}],"collection":[{"href":"https:\/\/atecordoba.org\/index.php?rest_route=\/wp\/v2\/posts"}],"about":[{"href":"https:\/\/atecordoba.org\/index.php?rest_route=\/wp\/v2\/types\/post"}],"author":[{"embeddable":true,"href":"https:\/\/atecordoba.org\/index.php?rest_route=\/wp\/v2\/users\/1"}],"replies":[{"embeddable":true,"href":"https:\/\/atecordoba.org\/index.php?rest_route=%2Fwp%2Fv2%2Fcomments&post=8550"}],"version-history":[{"count":0,"href":"https:\/\/atecordoba.org\/index.php?rest_route=\/wp\/v2\/posts\/8550\/revisions"}],"wp:featuredmedia":[{"embeddable":true,"href":"https:\/\/atecordoba.org\/index.php?rest_route=\/wp\/v2\/media\/19220"}],"wp:attachment":[{"href":"https:\/\/atecordoba.org\/index.php?rest_route=%2Fwp%2Fv2%2Fmedia&parent=8550"}],"wp:term":[{"taxonomy":"category","embeddable":true,"href":"https:\/\/atecordoba.org\/index.php?rest_route=%2Fwp%2Fv2%2Fcategories&post=8550"},{"taxonomy":"post_tag","embeddable":true,"href":"https:\/\/atecordoba.org\/index.php?rest_route=%2Fwp%2Fv2%2Ftags&post=8550"}],"curies":[{"name":"wp","href":"https:\/\/api.w.org\/{rel}","templated":true}]}}